{"id":134179,"date":"2017-09-09T00:01:33","date_gmt":"2017-09-09T03:01:33","guid":{"rendered":"http:\/\/notinor.com\/jujuy\/?p=134179"},"modified":"2017-09-08T18:01:59","modified_gmt":"2017-09-08T21:01:59","slug":"el-juez-rafecas-elevo-a-juicio-oral-la-causa-contra-milani-por-enriquecimiento-ilicito","status":"publish","type":"post","link":"https:\/\/notinor.com\/jujuy\/el-juez-rafecas-elevo-a-juicio-oral-la-causa-contra-milani-por-enriquecimiento-ilicito\/","title":{"rendered":"El juez Rafecas elev\u00f3 a juicio oral la causa contra Milani por enriquecimiento il\u00edcito"},"content":{"rendered":"<p><strong>\u00a0<\/strong>El juez federal Daniel Rafecas elev\u00f3 hoy a juicio oral la causa contra el ex jefe del Ej\u00e9rcito, C\u00e9sar Milani, por enriquecimiento il\u00edcito, tras dar por probado que no pudo justificar el incremento de su patrimonio durante su paso por la funci\u00f3n p\u00fablica.<\/p>\n<p><a href=\"http:\/\/notinor.com\/jujuy\/wp-content\/uploads\/2017\/09\/rafecas.jpg\"><img decoding=\"async\" loading=\"lazy\" class=\"alignnone wp-image-134180 size-full\" src=\"http:\/\/notinor.com\/jujuy\/wp-content\/uploads\/2017\/09\/rafecas.jpg\" alt=\"rafecas\" width=\"750\" height=\"421\" srcset=\"https:\/\/notinor.com\/jujuy\/wp-content\/uploads\/2017\/09\/rafecas.jpg 750w, https:\/\/notinor.com\/jujuy\/wp-content\/uploads\/2017\/09\/rafecas-300x168.jpg 300w, https:\/\/notinor.com\/jujuy\/wp-content\/uploads\/2017\/09\/rafecas-199x112.jpg 199w, https:\/\/notinor.com\/jujuy\/wp-content\/uploads\/2017\/09\/rafecas-616x345.jpg 616w\" sizes=\"(max-width: 750px) 100vw, 750px\" \/><\/a><br \/>\nEl titular del juzgado federal 3 tambi\u00e9n envi\u00f3 a juicio oral a Eduardo Barreiro, un ex compa\u00f1ero de armas de Milani, que fue acusado de ser la persona que se prest\u00f3 para disimular el incremento patrimonial del ex jefe del Ej\u00e9rcito.<\/p>\n<p>En su descargo, Milani hab\u00eda dicho que un amigo militar le prest\u00f3 200.000 d\u00f3lares para comprar la casa en el exclusivo barrio La Horqueta, y que se los entreg\u00f3 en un \"bolso chiquito\" durante un brindis en el Edificio Libertador.<\/p>\n","protected":false},"excerpt":{"rendered":"<p>\u00a0El juez federal Daniel Rafecas elev\u00f3 hoy a juicio oral la causa contra el ex jefe del Ej\u00e9rcito, C\u00e9sar Milani, por enriquecimiento il\u00edcito, tras dar por probado que no pudo justificar el incremento de su patrimonio durante su paso por la funci\u00f3n p\u00fablica. El titular del juzgado federal 3 tambi\u00e9n envi\u00f3 a juicio oral a [&hellip;]<\/p>\n","protected":false},"author":1,"featured_media":134181,"comment_status":"open","ping_status":"open","sticky":false,"template":"","format":"standard","meta":{"_stopmodifiedupdate":false,"_modified_date":"","inline_featured_image":false},"categories":[5],"tags":[],"jetpack_featured_media_url":"https:\/\/notinor.com\/jujuy\/wp-content\/uploads\/2017\/09\/milani.jpg","_links":{"self":[{"href":"https:\/\/notinor.com\/jujuy\/wp-json\/wp\/v2\/posts\/134179"}],"collection":[{"href":"https:\/\/notinor.com\/jujuy\/wp-json\/wp\/v2\/posts"}],"about":[{"href":"https:\/\/notinor.com\/jujuy\/wp-json\/wp\/v2\/types\/post"}],"author":[{"embeddable":true,"href":"https:\/\/notinor.com\/jujuy\/wp-json\/wp\/v2\/users\/1"}],"replies":[{"embeddable":true,"href":"https:\/\/notinor.com\/jujuy\/wp-json\/wp\/v2\/comments?post=134179"}],"version-history":[{"count":1,"href":"https:\/\/notinor.com\/jujuy\/wp-json\/wp\/v2\/posts\/134179\/revisions"}],"predecessor-version":[{"id":134182,"href":"https:\/\/notinor.com\/jujuy\/wp-json\/wp\/v2\/posts\/134179\/revisions\/134182"}],"wp:featuredmedia":[{"embeddable":true,"href":"https:\/\/notinor.com\/jujuy\/wp-json\/wp\/v2\/media\/134181"}],"wp:attachment":[{"href":"https:\/\/notinor.com\/jujuy\/wp-json\/wp\/v2\/media?parent=134179"}],"wp:term":[{"taxonomy":"category","embeddable":true,"href":"https:\/\/notinor.com\/jujuy\/wp-json\/wp\/v2\/categories?post=134179"},{"taxonomy":"post_tag","embeddable":true,"href":"https:\/\/notinor.com\/jujuy\/wp-json\/wp\/v2\/tags?post=134179"}],"curies":[{"name":"wp","href":"https:\/\/api.w.org\/{rel}","templated":true}]}}