{"id":13397,"date":"2015-01-22T00:57:15","date_gmt":"2015-01-22T03:57:15","guid":{"rendered":"http:\/\/notinor.com\/jujuy\/?p=13397"},"modified":"2015-01-22T00:57:15","modified_gmt":"2015-01-22T03:57:15","slug":"capacitacion-para-profesionales-de-educacion-fisica","status":"publish","type":"post","link":"https:\/\/notinor.com\/jujuy\/capacitacion-para-profesionales-de-educacion-fisica\/","title":{"rendered":"Capacitaci\u00f3n para Profesionales de Educaci\u00f3n F\u00edsica"},"content":{"rendered":"<p>Estara cargo del Profesor Jorge Brambati<br \/>\nLa titular de la Secretar\u00eda de Desarrollo Humano de la Municipalidad de San Salvador de Jujuy, Prof. Mar\u00eda Teresa Ferrin de Ramos, reiter\u00f3 la invitaci\u00f3n a participar en el \u201cTaller de Entrenamiento Funcional\u201d destinado a Profesores de educaci\u00f3n f\u00edsica de la Direcci\u00f3n de Deportes y p\u00fablico en g<span class=\"text_exposed_show\">eneral.<br \/>\nDesde la Direcci\u00f3n de Deportes y Recreaci\u00f3n de la Municipalidad se realiz\u00f3 la invitaci\u00f3n formal para profesores de educaci\u00f3n f\u00edsica de capital y todos aquellos que se quieran acercar, especialmente los profesionales que trabajan en espacios al aire libre, gimnasios urbanos o espacios p\u00fablicos, a participar del Taller de Entrenamiento Funcional dictado por el Prof. Jorge Brambati.<br \/>\nAl respecto, Ferr\u00ecn destac\u00f3 la importancia de la formaci\u00f3n profesional. \u201cLa capacitaci\u00f3n es fundamental e importante. Sobre todo combinar ejes como salud y deporte\u201d Tal como se viene trabajando desde la Secretar\u00eda de Desarrollo Humano junto con la Direcci\u00f3n de Deportes y Recreaci\u00f3n.<br \/>\nPor su parte el Director de Deportes, Prof. Jos\u00e9 Crespo enfatiz\u00f3 la importancia de la visita del Prof. Brambati, \u201cEs muy importante su presencia para continuar en la senda de la capacitaci\u00f3n y bienestar de la comunidad\u201d. Luego brind\u00f3 detalles de la modalidad del encuentro, \u201cEl Taller de Entrenamiento Funcional es abierto ya que se dictar\u00e1 un entrenamiento teorico y practico a trav\u00e9s de diferentes propuestas y actividades f\u00edsicas saludables que est\u00e0n muy de moda en todo el mundo\u201d.<br \/>\nLa cita es para hoy desde las 16 hasta las 22hs. con parte pr\u00e1ctica incluida, en la Direcci\u00f3n de Deportes y Recreaci\u00f3n ubicada en la punta del Parque San Mart\u00edn.<br \/>\nPor su parte Jorge Brambati agradeci\u00f3 a la Municipalidad de San Salvador de Jujuy, especialmente a su Intendente Ra\u00fal \u201cChuli\u201d Jorge por su invitaci\u00f3n y describi\u00f3 sus principales caracter\u00edsticas \u201cel curso se va a centrar en el aprendizaje motor para que sepan como ense\u00f1ar mejor la metodolog\u00eda y el entrenamiento funcional\u201d. De igual manera defini\u00f3 su concepto, \u201cEntrenamiento funcional son movimientos cotidianos adaptados a una clase, esta vez lo vamos a hacer a trav\u00e9s de circuitos para tener un eje de c\u00f3mo ense\u00f1ar y mejorar la capacidad de la gente com\u00fan\u201d.<br \/>\nEsta capacitaci\u00f3n es fundamental para los profesionales que trabajan en un gimnasio, para aquella persona que es entrenador personal, para profesores de fitness grupal, que tienen clases de localizada o aer\u00f3bicos. Finalmente Brambati continuo \u201cvamos a ver ejercicios inconvenientes, entrenamiento de la fuerza y como desarrollarlo a trav\u00e9s de las actividades cotidianas\u201d.<\/span><\/p>\n","protected":false},"excerpt":{"rendered":"<p>Estara cargo del Profesor Jorge Brambati La titular de la Secretar\u00eda de Desarrollo Humano de la Municipalidad de San Salvador de Jujuy, Prof. Mar\u00eda Teresa Ferrin de Ramos, reiter\u00f3 la invitaci\u00f3n a participar en el \u201cTaller de Entrenamiento Funcional\u201d destinado a Profesores de educaci\u00f3n f\u00edsica de la Direcci\u00f3n de Deportes y p\u00fablico en general. Desde [&hellip;]<\/p>\n","protected":false},"author":1,"featured_media":13398,"comment_status":"open","ping_status":"open","sticky":false,"template":"","format":"standard","meta":{"_stopmodifiedupdate":false,"_modified_date":"","inline_featured_image":false,"spay_email":"","jetpack_publicize_message":""},"categories":[2],"tags":[],"jetpack_featured_media_url":"https:\/\/notinor.com\/jujuy\/wp-content\/uploads\/2015\/01\/depojuy.jpg","jetpack_publicize_connections":[],"_links":{"self":[{"href":"https:\/\/notinor.com\/jujuy\/wp-json\/wp\/v2\/posts\/13397"}],"collection":[{"href":"https:\/\/notinor.com\/jujuy\/wp-json\/wp\/v2\/posts"}],"about":[{"href":"https:\/\/notinor.com\/jujuy\/wp-json\/wp\/v2\/types\/post"}],"author":[{"embeddable":true,"href":"https:\/\/notinor.com\/jujuy\/wp-json\/wp\/v2\/users\/1"}],"replies":[{"embeddable":true,"href":"https:\/\/notinor.com\/jujuy\/wp-json\/wp\/v2\/comments?post=13397"}],"version-history":[{"count":1,"href":"https:\/\/notinor.com\/jujuy\/wp-json\/wp\/v2\/posts\/13397\/revisions"}],"predecessor-version":[{"id":13399,"href":"https:\/\/notinor.com\/jujuy\/wp-json\/wp\/v2\/posts\/13397\/revisions\/13399"}],"wp:featuredmedia":[{"embeddable":true,"href":"https:\/\/notinor.com\/jujuy\/wp-json\/wp\/v2\/media\/13398"}],"wp:attachment":[{"href":"https:\/\/notinor.com\/jujuy\/wp-json\/wp\/v2\/media?parent=13397"}],"wp:term":[{"taxonomy":"category","embeddable":true,"href":"https:\/\/notinor.com\/jujuy\/wp-json\/wp\/v2\/categories?post=13397"},{"taxonomy":"post_tag","embeddable":true,"href":"https:\/\/notinor.com\/jujuy\/wp-json\/wp\/v2\/tags?post=13397"}],"curies":[{"name":"wp","href":"https:\/\/api.w.org\/{rel}","templated":true}]}}