{"id":13394,"date":"2015-01-22T00:05:00","date_gmt":"2015-01-22T03:05:00","guid":{"rendered":"http:\/\/notinor.com\/jujuy\/?p=13394"},"modified":"2015-01-23T01:59:40","modified_gmt":"2015-01-23T04:59:40","slug":"carlos-mamani-presentara-al-horizonte","status":"publish","type":"post","link":"https:\/\/notinor.com\/jujuy\/carlos-mamani-presentara-al-horizonte\/","title":{"rendered":"Carlos Maman\u00ed presentara \u201cAl Horizonte\u201d"},"content":{"rendered":"<p>Con catorce canciones\u00a0 que transitan los versos de algunos nuevos cantores populares, la propuesta de Maman\u00ed se basa en el rescate del paisaje, la vida, las luchas cotidianas de los pueblos, interpretando los ritmos tradicionales del norte con un toque de influencias contempor\u00e1neas.\u00a0 El espect\u00e1culo articular\u00e1\u00a0 un enorme y emotivo despliegue de Bailarines, M\u00fasicos Invitados y Poes\u00eda.<\/p>\n<p>&nbsp;<\/p>\n<p>En tanto para el s\u00e1bado 24 en la Plaza \u201cRicardo Vilca\u201d a partir de las 22Horas actuar\u00e1\u00a0 Checiruja y El Mano, dos bandas que se encuentran de gira por el norte argentino.<\/p>\n<p>&nbsp;<\/p>\n<p>Checiruja es un grupo musical cordob\u00e9s que combina recursos de diversos g\u00e9neros y estilos de la m\u00fasica popular para acompa\u00f1ar historias m\u00ednimas. Pasando por ritmos como el reggae, el funk, el folclore, sin dejar de lado la potencia del rock, Checiruja suena fuerte y compacto, dando lugar inclusive a alg\u00fan que otro baile, y siempre llevando el g\u00e9nero canci\u00f3n impreso en su estilo.<\/p>\n<p>&nbsp;<\/p>\n<p>Por otro lado, El Mano es una banda formada en C\u00f3rdoba y explora la aspereza de los ritmos urbanos m\u00e1s duros, sin renunciar a la canci\u00f3n como eje de la m\u00fasica y a trav\u00e9s del encuentro de m\u00faltiples timbres y ritmos aborda el mestizaje de tradiciones y culturas.<\/p>\n<p>&nbsp;<\/p>\n","protected":false},"excerpt":{"rendered":"<p>Con catorce canciones\u00a0 que transitan los versos de algunos nuevos cantores populares, la propuesta de Maman\u00ed se basa en el rescate del paisaje, la vida, las luchas cotidianas de los pueblos, interpretando los ritmos tradicionales del norte con un toque de influencias contempor\u00e1neas.\u00a0 El espect\u00e1culo articular\u00e1\u00a0 un enorme y emotivo despliegue de Bailarines, M\u00fasicos Invitados [&hellip;]<\/p>\n","protected":false},"author":1,"featured_media":13400,"comment_status":"open","ping_status":"open","sticky":false,"template":"","format":"standard","meta":{"_stopmodifiedupdate":false,"_modified_date":"","inline_featured_image":false,"spay_email":"","jetpack_publicize_message":""},"categories":[21],"tags":[],"jetpack_featured_media_url":"https:\/\/notinor.com\/jujuy\/wp-content\/uploads\/2015\/01\/carlos-mamani_15733.jpg","jetpack_publicize_connections":[],"_links":{"self":[{"href":"https:\/\/notinor.com\/jujuy\/wp-json\/wp\/v2\/posts\/13394"}],"collection":[{"href":"https:\/\/notinor.com\/jujuy\/wp-json\/wp\/v2\/posts"}],"about":[{"href":"https:\/\/notinor.com\/jujuy\/wp-json\/wp\/v2\/types\/post"}],"author":[{"embeddable":true,"href":"https:\/\/notinor.com\/jujuy\/wp-json\/wp\/v2\/users\/1"}],"replies":[{"embeddable":true,"href":"https:\/\/notinor.com\/jujuy\/wp-json\/wp\/v2\/comments?post=13394"}],"version-history":[{"count":2,"href":"https:\/\/notinor.com\/jujuy\/wp-json\/wp\/v2\/posts\/13394\/revisions"}],"predecessor-version":[{"id":13563,"href":"https:\/\/notinor.com\/jujuy\/wp-json\/wp\/v2\/posts\/13394\/revisions\/13563"}],"wp:featuredmedia":[{"embeddable":true,"href":"https:\/\/notinor.com\/jujuy\/wp-json\/wp\/v2\/media\/13400"}],"wp:attachment":[{"href":"https:\/\/notinor.com\/jujuy\/wp-json\/wp\/v2\/media?parent=13394"}],"wp:term":[{"taxonomy":"category","embeddable":true,"href":"https:\/\/notinor.com\/jujuy\/wp-json\/wp\/v2\/categories?post=13394"},{"taxonomy":"post_tag","embeddable":true,"href":"https:\/\/notinor.com\/jujuy\/wp-json\/wp\/v2\/tags?post=13394"}],"curies":[{"name":"wp","href":"https:\/\/api.w.org\/{rel}","templated":true}]}}