{"id":13384,"date":"2015-01-22T00:42:01","date_gmt":"2015-01-22T03:42:01","guid":{"rendered":"http:\/\/notinor.com\/jujuy\/?p=13384"},"modified":"2015-01-22T00:42:01","modified_gmt":"2015-01-22T03:42:01","slug":"precaucion-veda-total-en-los-rios-lavayen-y-san-francisco","status":"publish","type":"post","link":"https:\/\/notinor.com\/jujuy\/precaucion-veda-total-en-los-rios-lavayen-y-san-francisco\/","title":{"rendered":"Precauci\u00f3n: Veda total en los r\u00edos Lavayen y San Francisco"},"content":{"rendered":"<p>La Secretar\u00eda de Gesti\u00f3n Ambiental, a trav\u00e9s de la Direcci\u00f3n Provincial de Biodiversidad, inform\u00f3 que mediante la resoluci\u00f3n N\u00b0 93\/2014-DPB, los r\u00edos Layen y San Francisco, como as\u00ed tambi\u00e9n todos sus afluentes, se encuentran en veda total, por lo que se recomienda abstenerse de toda actividad de pesca.<\/p>\n<p>&nbsp;<\/p>\n<p>Asimismo, desde la Secretar\u00eda se record\u00f3\u00a0 que la tenencia, uso de redes de cualquier tipo (ll\u00e1mese pollera o de arrestre), la pesca de l\u00edneas de fondo llamadas espinelas o fijas, queda totalmente prohibida.<\/p>\n<p>&nbsp;<\/p>\n<p>Por tal motivo, se recomienda que antes de comenzar una actividad de Pesca, consultar en avenida P\u00e1rroco Marshke N\u00b0 1270, o al tel\u00e9fono N\u00b0 0388 \u2013 4249305, de lunes a viernes, en el horario de 7 a 13.<\/p>\n","protected":false},"excerpt":{"rendered":"<p>La Secretar\u00eda de Gesti\u00f3n Ambiental, a trav\u00e9s de la Direcci\u00f3n Provincial de Biodiversidad, inform\u00f3 que mediante la resoluci\u00f3n N\u00b0 93\/2014-DPB, los r\u00edos Layen y San Francisco, como as\u00ed tambi\u00e9n todos sus afluentes, se encuentran en veda total, por lo que se recomienda abstenerse de toda actividad de pesca. &nbsp; Asimismo, desde la Secretar\u00eda se record\u00f3\u00a0 [&hellip;]<\/p>\n","protected":false},"author":1,"featured_media":13389,"comment_status":"open","ping_status":"open","sticky":false,"template":"","format":"standard","meta":{"_stopmodifiedupdate":false,"_modified_date":"","inline_featured_image":false,"spay_email":"","jetpack_publicize_message":""},"categories":[2],"tags":[],"jetpack_featured_media_url":"https:\/\/notinor.com\/jujuy\/wp-content\/uploads\/2015\/01\/rio-lavayen-jujuy.jpg","jetpack_publicize_connections":[],"_links":{"self":[{"href":"https:\/\/notinor.com\/jujuy\/wp-json\/wp\/v2\/posts\/13384"}],"collection":[{"href":"https:\/\/notinor.com\/jujuy\/wp-json\/wp\/v2\/posts"}],"about":[{"href":"https:\/\/notinor.com\/jujuy\/wp-json\/wp\/v2\/types\/post"}],"author":[{"embeddable":true,"href":"https:\/\/notinor.com\/jujuy\/wp-json\/wp\/v2\/users\/1"}],"replies":[{"embeddable":true,"href":"https:\/\/notinor.com\/jujuy\/wp-json\/wp\/v2\/comments?post=13384"}],"version-history":[{"count":1,"href":"https:\/\/notinor.com\/jujuy\/wp-json\/wp\/v2\/posts\/13384\/revisions"}],"predecessor-version":[{"id":13392,"href":"https:\/\/notinor.com\/jujuy\/wp-json\/wp\/v2\/posts\/13384\/revisions\/13392"}],"wp:featuredmedia":[{"embeddable":true,"href":"https:\/\/notinor.com\/jujuy\/wp-json\/wp\/v2\/media\/13389"}],"wp:attachment":[{"href":"https:\/\/notinor.com\/jujuy\/wp-json\/wp\/v2\/media?parent=13384"}],"wp:term":[{"taxonomy":"category","embeddable":true,"href":"https:\/\/notinor.com\/jujuy\/wp-json\/wp\/v2\/categories?post=13384"},{"taxonomy":"post_tag","embeddable":true,"href":"https:\/\/notinor.com\/jujuy\/wp-json\/wp\/v2\/tags?post=13384"}],"curies":[{"name":"wp","href":"https:\/\/api.w.org\/{rel}","templated":true}]}}