{"id":13374,"date":"2015-01-22T00:32:10","date_gmt":"2015-01-22T03:32:10","guid":{"rendered":"http:\/\/notinor.com\/jujuy\/?p=13374"},"modified":"2015-01-22T00:33:04","modified_gmt":"2015-01-22T03:33:04","slug":"13374","status":"publish","type":"post","link":"https:\/\/notinor.com\/jujuy\/13374\/","title":{"rendered":"Juan M\u00f3naco: \"\u00bfVale la pena tanto esfuerzo cuando podr\u00eda estar en Punta del Este con mis amigos?\""},"content":{"rendered":"<p>Yo siento pasi\u00f3n por lo que hago, todav\u00eda sigo eligiendo esto\", enfatiz\u00f3 el tandilense que fue eliminado en primera ronda del Abierto de Australia ante el italiano Simone Bolelli<\/p>\n<p>En dos meses cumplir\u00e1 31 a\u00f1os, pero la pasi\u00f3n por el tenis sigue nutriendo al argentino Juan M\u00f3naco , golpeado y motivado a la vez por una profesi\u00f3n a la que a veces siente excesivamente dura.<\/p>\n<p>\"Yo no me quejo de la vida que tengo, pero es una vida un poco da\u00f1ina\", explic\u00f3 M\u00f3naco en Melbourne, donde se despidi\u00f3 tanto en individuales como en dobles en la primera ronda del Abierto de Australia .<\/p>\n<p>\"A veces me pregunto, \u00bfvale la pena tanto esfuerzo cuando podr\u00eda estar en Punta del Este relajado con mis amigos?\", a\u00f1adi\u00f3 el n\u00famero 63 del mundo en una pregunta claramente ret\u00f3rica, porque enseguida aporta la respuesta: \"Yo siento pasi\u00f3n por lo que hago, todav\u00eda sigo eligiendo esto\".<\/p>\n<p>- La derrota con Simone Bolelli en primera ronda lo dej\u00f3 m\u00e1s golpeado que otras veces, \u00bfpor qu\u00e9?<\/p>\n<p>- Son muy recurrentes las lesiones que estoy teniendo, y el esfuerzo que hago es bastante grande, entren\u00e9 siete semanas para preparar el a\u00f1o. No poder competir al cien por ciento por cuestiones f\u00edsicas te genera un da\u00f1o en la cabeza y una desilusi\u00f3n por el trabajo hecho.<\/p>\n<p>\u00bfC\u00f3mo se produjo la lesi\u00f3n en la espalda?<\/p>\n<p>- Ya desde hace diez d\u00edas, en Doha, comenc\u00e9 a sentir dolores en la espalda. Jugu\u00e9 cinco partidos en el dobles, entren\u00e9 muy duro con Rafael (Nadal) , que es muy intenso, muy intenso. Y los viajes... Ya no tengo 24 a\u00f1os. Hace un a\u00f1o y medio ya que las lesiones son recurrentes, pero el m\u00e9dico me dice que si no hay una lesi\u00f3n importante hay que seguir adelante. Y yo soy como los caballos, le doy para adelante.<\/p>\n<p>Pero prepararse tanto y lesionarse en el inicio del a\u00f1o es algo que lo deja claramente mal...<\/p>\n<p>- Muchas veces me da vueltas por la cabeza... Estuve entrenando desde el 15 de noviembre hasta el 1 de enero sin parar, todos los d\u00edas en triple turno. Y me pregunto, \u00bfvale la pena tanto esfuerzo cuando podr\u00eda estar en Punta del Este relajado con mis amigos?<\/p>\n<p>- Bueno, est\u00e1 eligiendo estar aqu\u00ed, en cierto modo ya tiene la respuesta.<\/p>\n<p>- Es dif\u00edcil comparar vidas. Yo no me quejo de la vida que tengo, pero es una vida un poco da\u00f1ina. El otro d\u00eda vi un video de (Marcelo) Bielsa que lo explica perfectamente. Le habla a los jugadores del Olympique de Marsella y les dice: ustedes tienen lo que por ah\u00ed una persona de 40 a\u00f1os no tiene, el dinero. Pero no tienen el tiempo que tiene esa persona para disfrutarlo. Yo ya tengo todo lo que quer\u00eda, lo que no tengo es tiempo para disfrutarlo, irme noviembre y diciembre con mis amigos a hinchar las bolas.<\/p>\n<p>- \u00bfSigue sintiendo pasi\u00f3n por el tenis?<\/p>\n<p>- Yo siento una pasi\u00f3n por lo que hago, pero va a llegar un momento en el que voy a decir basta, en el que no me haga ya feliz lo que me hac\u00eda feliz. Ser\u00e9 feliz con otras cosas, pasar tiempo con mis amigos, con mi mujer, con el perro en Tandil. Irme de viaje sin el raquetero, toda una vida que debe ser espectacular. Pero todav\u00eda sigo eligiendo esto, entrenarme en Tandil en triple turno y estar tranquilo, ver de costado una vida de diversi\u00f3n que podr\u00eda tener y no tengo. Tampoco pude ver el nacimiento de mi sobrina, la hija de mi hermana, que naci\u00f3 el 1 de enero. Dejo muchas cosas de lado para poder competir, y aqu\u00ed en Australia no pude competir.<\/p>\n<p>- Hasta que un d\u00eda la pasi\u00f3n se vaya.<\/p>\n<p>- El tema f\u00edsico es lo que me lleva a desilusionarme y a pensar cosas que no quiero pensar, que las quiero esquivar. En los momentos malos uno analiza las cosas de manera distinta. Hoy, uno siente pasi\u00f3n. Te vas a dormir a la noche tranquilo porque hiciste lo que ten\u00edas que hacer. El d\u00eda que duerma 20 d\u00edas seguidos muy preocupado, optar\u00e9 por hacer otro tidpo de vida que seguramente debe ser espectacular.<\/p>\n<p>- Si usted est\u00e1 as\u00ed, imag\u00ednese a Juan Mart\u00edn del Potro , que acaba de operarse por tercera vez de la mu\u00f1eca...<\/p>\n<p>- Delpo ni siquiera puede competir, es sumamente complicado lo de \u00e9l. Intentar volver, hacer mucho esfuerzo y lesionarse.<\/p>\n<p>- \u00bfC\u00f3mo lo vio en Melbourne?<\/p>\n<p>- Hablamos muy poco porque \u00e9l entren\u00f3 muy poquito ac\u00e1, estaba en unas canchas m\u00e1s alejadas. Hablamos dos minutos en el hotel. Se ve que no est\u00e1 bien, con verle la cara te das cuenta.<\/p>\n<p>Sebasti\u00e1n Fest<\/p>\n","protected":false},"excerpt":{"rendered":"<p>Yo siento pasi\u00f3n por lo que hago, todav\u00eda sigo eligiendo esto\", enfatiz\u00f3 el tandilense que fue eliminado en primera ronda del Abierto de Australia ante el italiano Simone Bolelli En dos meses cumplir\u00e1 31 a\u00f1os, pero la pasi\u00f3n por el tenis sigue nutriendo al argentino Juan M\u00f3naco , golpeado y motivado a la vez por [&hellip;]<\/p>\n","protected":false},"author":1,"featured_media":13376,"comment_status":"open","ping_status":"open","sticky":false,"template":"","format":"standard","meta":{"_stopmodifiedupdate":false,"_modified_date":"","inline_featured_image":false,"spay_email":"","jetpack_publicize_message":""},"categories":[7],"tags":[],"jetpack_featured_media_url":"https:\/\/notinor.com\/jujuy\/wp-content\/uploads\/2015\/01\/monco.jpg","jetpack_publicize_connections":[],"_links":{"self":[{"href":"https:\/\/notinor.com\/jujuy\/wp-json\/wp\/v2\/posts\/13374"}],"collection":[{"href":"https:\/\/notinor.com\/jujuy\/wp-json\/wp\/v2\/posts"}],"about":[{"href":"https:\/\/notinor.com\/jujuy\/wp-json\/wp\/v2\/types\/post"}],"author":[{"embeddable":true,"href":"https:\/\/notinor.com\/jujuy\/wp-json\/wp\/v2\/users\/1"}],"replies":[{"embeddable":true,"href":"https:\/\/notinor.com\/jujuy\/wp-json\/wp\/v2\/comments?post=13374"}],"version-history":[{"count":2,"href":"https:\/\/notinor.com\/jujuy\/wp-json\/wp\/v2\/posts\/13374\/revisions"}],"predecessor-version":[{"id":13382,"href":"https:\/\/notinor.com\/jujuy\/wp-json\/wp\/v2\/posts\/13374\/revisions\/13382"}],"wp:featuredmedia":[{"embeddable":true,"href":"https:\/\/notinor.com\/jujuy\/wp-json\/wp\/v2\/media\/13376"}],"wp:attachment":[{"href":"https:\/\/notinor.com\/jujuy\/wp-json\/wp\/v2\/media?parent=13374"}],"wp:term":[{"taxonomy":"category","embeddable":true,"href":"https:\/\/notinor.com\/jujuy\/wp-json\/wp\/v2\/categories?post=13374"},{"taxonomy":"post_tag","embeddable":true,"href":"https:\/\/notinor.com\/jujuy\/wp-json\/wp\/v2\/tags?post=13374"}],"curies":[{"name":"wp","href":"https:\/\/api.w.org\/{rel}","templated":true}]}}