{"id":13364,"date":"2015-01-22T00:27:42","date_gmt":"2015-01-22T03:27:42","guid":{"rendered":"http:\/\/notinor.com\/jujuy\/?p=13364"},"modified":"2015-01-22T01:17:43","modified_gmt":"2015-01-22T04:17:43","slug":"sherezade-y-onur-llegarian-al-bailando","status":"publish","type":"post","link":"https:\/\/notinor.com\/jujuy\/sherezade-y-onur-llegarian-al-bailando\/","title":{"rendered":"Sherezade y Onur llegar\u00edan al Bailando"},"content":{"rendered":"<p>Desde la p\u00e1gina oficial de canal 13 se habla sobre la llegada de los actores de \u201cLas mil y una noches\u201d a nuestro pa\u00eds y Tinelli est\u00e1 tentado a traerlos al Bailando 2015.<\/p>\n<p>Luego de confirmar la presencia de Halit Ergen\u00e7 y Berg\u00fczar Korel, los protagonistas de Las mil y una noches, en el programa de Mirtha Legrand, Jos\u00e9 Mar\u00eda revel\u00f3 que la pareja turca podr\u00eda decir presente en el Bailando.<\/p>\n<p><a href=\"http:\/\/notinor.com\/jujuy\/wp-content\/uploads\/2015\/01\/bailando-tinelli-onur.jpg\"><img decoding=\"async\" loading=\"lazy\" class=\"alignnone size-full wp-image-13408\" src=\"http:\/\/notinor.com\/jujuy\/wp-content\/uploads\/2015\/01\/bailando-tinelli-onur.jpg\" alt=\"bailando tinelli onur\" width=\"900\" height=\"462\" srcset=\"https:\/\/notinor.com\/jujuy\/wp-content\/uploads\/2015\/01\/bailando-tinelli-onur.jpg 900w, https:\/\/notinor.com\/jujuy\/wp-content\/uploads\/2015\/01\/bailando-tinelli-onur-300x154.jpg 300w\" sizes=\"(max-width: 900px) 100vw, 900px\" \/><\/a><\/p>\n<p>El \u00e9xito sin precedentes de Las mil y una noches despert\u00f3 un fanatismo inusitado del p\u00fablico argentino por Halit Ergen\u00e7 y Berg\u00fczar Korel, la pareja de actores que interpreta a Onur y Sherezade en la ficci\u00f3n.<\/p>\n<p>Sin embargo lo que m\u00e1s llam\u00f3 la atenci\u00f3n fue la confirmaci\u00f3n, durante Este es el show, de un rumor que sonaba cada vez m\u00e1s fuerte en los pasillos de Canal Trece: la producci\u00f3n de Ideas del Sur quiere tener a Onur y Sherezade en la pista del Bailando.<\/p>\n<p>Las versiones surgen con motivo de una visita que ambos actores podr\u00edan emprender en los pr\u00f3ximos meses por Uruguay y la Argentina, donde la novela se transform\u00f3 en un suceso de rating.<\/p>\n","protected":false},"excerpt":{"rendered":"<p>Desde la p\u00e1gina oficial de canal 13 se habla sobre la llegada de los actores de \u201cLas mil y una noches\u201d a nuestro pa\u00eds y Tinelli est\u00e1 tentado a traerlos al Bailando 2015. Luego de confirmar la presencia de Halit Ergen\u00e7 y Berg\u00fczar Korel, los protagonistas de Las mil y una noches, en el programa [&hellip;]<\/p>\n","protected":false},"author":1,"featured_media":13365,"comment_status":"open","ping_status":"open","sticky":false,"template":"","format":"standard","meta":{"_stopmodifiedupdate":false,"_modified_date":"","inline_featured_image":false,"spay_email":"","jetpack_publicize_message":""},"categories":[21],"tags":[],"jetpack_featured_media_url":"https:\/\/notinor.com\/jujuy\/wp-content\/uploads\/2015\/01\/ver_las_mil_y_una_noche_sherezade_onur.jpg","jetpack_publicize_connections":[],"_links":{"self":[{"href":"https:\/\/notinor.com\/jujuy\/wp-json\/wp\/v2\/posts\/13364"}],"collection":[{"href":"https:\/\/notinor.com\/jujuy\/wp-json\/wp\/v2\/posts"}],"about":[{"href":"https:\/\/notinor.com\/jujuy\/wp-json\/wp\/v2\/types\/post"}],"author":[{"embeddable":true,"href":"https:\/\/notinor.com\/jujuy\/wp-json\/wp\/v2\/users\/1"}],"replies":[{"embeddable":true,"href":"https:\/\/notinor.com\/jujuy\/wp-json\/wp\/v2\/comments?post=13364"}],"version-history":[{"count":2,"href":"https:\/\/notinor.com\/jujuy\/wp-json\/wp\/v2\/posts\/13364\/revisions"}],"predecessor-version":[{"id":13409,"href":"https:\/\/notinor.com\/jujuy\/wp-json\/wp\/v2\/posts\/13364\/revisions\/13409"}],"wp:featuredmedia":[{"embeddable":true,"href":"https:\/\/notinor.com\/jujuy\/wp-json\/wp\/v2\/media\/13365"}],"wp:attachment":[{"href":"https:\/\/notinor.com\/jujuy\/wp-json\/wp\/v2\/media?parent=13364"}],"wp:term":[{"taxonomy":"category","embeddable":true,"href":"https:\/\/notinor.com\/jujuy\/wp-json\/wp\/v2\/categories?post=13364"},{"taxonomy":"post_tag","embeddable":true,"href":"https:\/\/notinor.com\/jujuy\/wp-json\/wp\/v2\/tags?post=13364"}],"curies":[{"name":"wp","href":"https:\/\/api.w.org\/{rel}","templated":true}]}}