{"id":13350,"date":"2015-01-22T00:03:25","date_gmt":"2015-01-22T03:03:25","guid":{"rendered":"http:\/\/notinor.com\/jujuy\/?p=13350"},"modified":"2015-01-21T22:26:28","modified_gmt":"2015-01-22T01:26:28","slug":"muerte-de-nisman-lo-que-viene-ocurriendo-en-torno-a-la-sospechosa-muerte","status":"publish","type":"post","link":"https:\/\/notinor.com\/jujuy\/muerte-de-nisman-lo-que-viene-ocurriendo-en-torno-a-la-sospechosa-muerte\/","title":{"rendered":"Muerte de Nisman:  lo que viene ocurriendo en torno a la sospechosa muerte"},"content":{"rendered":"<h1 style=\"text-align: center;\"><strong>Un pasadizo al departamento, pisadas y huellas: las nuevas pistas en el caso Nisman<\/strong><\/h1>\n<p>Los investigadores descubrieron un tercer acceso a la vivienda donde falleci\u00f3 el fiscal<\/p>\n<p>Los investigadores de la muerte del fiscal federal Alberto Nisman descubrieron un tercer acceso al departamento del edificio Le Parc en Puerto Madero, en el que detectaron una pisada y una huella digital.<\/p>\n<p><a href=\"http:\/\/notinor.com\/jujuy\/wp-content\/uploads\/2015\/01\/nisman-plano-dpto.jpg\"><img decoding=\"async\" loading=\"lazy\" class=\"alignnone  wp-image-13351\" src=\"http:\/\/notinor.com\/jujuy\/wp-content\/uploads\/2015\/01\/nisman-plano-dpto-300x200.jpg\" alt=\"nisman plano dpto\" width=\"503\" height=\"335\" srcset=\"https:\/\/notinor.com\/jujuy\/wp-content\/uploads\/2015\/01\/nisman-plano-dpto-300x200.jpg 300w, https:\/\/notinor.com\/jujuy\/wp-content\/uploads\/2015\/01\/nisman-plano-dpto.jpg 645w\" sizes=\"(max-width: 503px) 100vw, 503px\" \/><\/a><\/p>\n<p>Seg\u00fan indicaron a la agencia DyN fuentes cercanas a la causa, el pasadizo comunica el departamento en el que habitaba Nisman con otra vivienda, que est\u00e1 habitada por un ciudadano extranjero en el que est\u00e1n ubicados equipos de aire acondicionado.<\/p>\n<p>El pasillo es un estrecho desfiladero, consign\u00f3 DyN. Los equipos de aire acondicionado est\u00e1n situados contra una larga pared y hay sobre el lado opuesto una suerte de barral de protecci\u00f3n, por el que se desplazan, entre otros, los t\u00e9cnicos que son convocados a reparar los equipos de refrigeraci\u00f3n.<\/p>\n<p>En uno y otro extremo hay peque\u00f1as puertas met\u00e1licas, que los investigadores tratan de determinar de qu\u00e9 manera -si es que hay alguna- se pod\u00edan cerrar y trabar por dentro.<\/p>\n<h2><strong>PISADAS Y UNA HUELLA<\/strong><\/h2>\n<p>En ese pasadizo, los investigadores detectaron una pisada de apariencia reciente en el piso, y sobre el barral de protecci\u00f3n una huella digital.<\/p>\n<p><a href=\"http:\/\/notinor.com\/jujuy\/wp-content\/uploads\/2015\/01\/nisman-pasadizo.jpg\"><img decoding=\"async\" loading=\"lazy\" class=\"alignnone size-medium wp-image-13352\" src=\"http:\/\/notinor.com\/jujuy\/wp-content\/uploads\/2015\/01\/nisman-pasadizo-300x168.jpg\" alt=\"nisman pasadizo\" width=\"300\" height=\"168\" srcset=\"https:\/\/notinor.com\/jujuy\/wp-content\/uploads\/2015\/01\/nisman-pasadizo-300x168.jpg 300w, https:\/\/notinor.com\/jujuy\/wp-content\/uploads\/2015\/01\/nisman-pasadizo-199x112.jpg 199w, https:\/\/notinor.com\/jujuy\/wp-content\/uploads\/2015\/01\/nisman-pasadizo.jpg 1008w\" sizes=\"(max-width: 300px) 100vw, 300px\" \/><\/a><\/p>\n<p>Ambos rastros ya fueron levantados y enviados a analizar, para determinar si se corresponden con alg\u00fan t\u00e9cnico en reparaci\u00f3n que hubiera actuado all\u00ed recientemente, o representa algo diferente.<\/p>\n<h2><strong>EL ACCESO<\/strong><\/h2>\n<p>El pasadizo est\u00e1 situado en el decimotercer piso de la torre y caminando s\u00f3lo se puede acceder desde el interior de uno u otro departamento, y debido a la altura de la construcci\u00f3n para acceder por el exterior ser\u00eda necesario descolgarse desde la azotea o trepar desde la planta baja.<\/p>\n<p>La investigaci\u00f3n est\u00e1 centrada en determinar si la pisada y la huella encontradas tienen o no relaci\u00f3n con el hecho.<\/p>\n<h1 style=\"text-align: center;\">\n<strong>Stornelli dijo que not\u00f3 a Nisman \"asustado\"<\/strong><\/h1>\n<p>El fiscal federal Carlos Stornelli se present\u00f3 espont\u00e1neamente en Tribunales para declarar ante su par Viviana Fein para contarle sobre su \u00faltima conversaci\u00f3n telef\u00f3nica con Alberto Nisman.<\/p>\n<p><a href=\"http:\/\/notinor.com\/jujuy\/wp-content\/uploads\/2015\/01\/stornelli-nisman.jpg\"><img decoding=\"async\" loading=\"lazy\" class=\"alignnone  wp-image-13353\" src=\"http:\/\/notinor.com\/jujuy\/wp-content\/uploads\/2015\/01\/stornelli-nisman-300x164.jpg\" alt=\"stornelli nisman\" width=\"466\" height=\"255\" srcset=\"https:\/\/notinor.com\/jujuy\/wp-content\/uploads\/2015\/01\/stornelli-nisman-300x164.jpg 300w, https:\/\/notinor.com\/jujuy\/wp-content\/uploads\/2015\/01\/stornelli-nisman.jpg 303w\" sizes=\"(max-width: 466px) 100vw, 466px\" \/><\/a><\/p>\n<p>Los \u00faltimos d\u00edas Stornelli dijo charl\u00f3 por tel\u00e9fono el fiscal Nisman y se\u00f1al\u00f3 que se refiri\u00f3 puntualmente \"a las pruebas de la denuncia\" y asegur\u00f3 que \"se lo notaba asustado\". Le ofreci\u00f3 su ayuda y se puso a disposi\u00f3n del reciente fallecido fiscal.<\/p>\n<p>En declaraciones a la prensa tras su reuni\u00f3n con Fein, Stornelli dijo que se puso \"a disposici\u00f3n\" de lo que necesite la fiscal a cargo de la investigaci\u00f3n sobre la muerte de Nisman.<\/p>\n<p>&nbsp;<\/p>\n<h1 style=\"text-align: center;\"><strong>Presidente de Swiss Medical: \"Llam\u00f3 la madre con la convicci\u00f3n de que Nisman estaba fallecido\"<\/strong><\/h1>\n<p>\"El m\u00e9dico vio el arma, no entr\u00f3 al ba\u00f1o, pero por su experiencia se dio cuenta de que estaba muerto, no ten\u00eda ninguna duda\", asegur\u00f3 el empresario Claudio Belocopitt<\/p>\n<p>Claudio Belocopitt, presidente de Swiss Medical, aclar\u00f3 hoy que el m\u00e9dico de la empresa que acudi\u00f3 a la casa del fiscal Alberto Nisman \"vio el arma\" en el ba\u00f1o del fallecido funcionario.<\/p>\n<p><a href=\"http:\/\/notinor.com\/jujuy\/wp-content\/uploads\/2015\/01\/madre-de-nisman.jpg\"><img decoding=\"async\" loading=\"lazy\" class=\"alignnone  wp-image-13354\" src=\"http:\/\/notinor.com\/jujuy\/wp-content\/uploads\/2015\/01\/madre-de-nisman.jpg\" alt=\"madre de nisman}\" width=\"335\" height=\"187\" srcset=\"https:\/\/notinor.com\/jujuy\/wp-content\/uploads\/2015\/01\/madre-de-nisman.jpg 204w, https:\/\/notinor.com\/jujuy\/wp-content\/uploads\/2015\/01\/madre-de-nisman-199x112.jpg 199w\" sizes=\"(max-width: 335px) 100vw, 335px\" \/><\/a><\/p>\n<p>\"El fiscal estaba asociado a Swiss Medical. Presentamos todo el material a la fiscal\u00eda, incluso cintas de audio. Y el m\u00e9dico se present\u00f3 a declarar en el d\u00eda de ayer\", explic\u00f3 Belocopitt a TN.<\/p>\n<p>\"El llamado se produce a las 22.44. La ambulancia llega a las 22.58. Llam\u00f3 la madre con la convicci\u00f3n de que (Nisman) estaba fallecido. Y de hecho se sigue el protocolo c\u00f3digo azul. El operador se comunica con el 911\", sigui\u00f3 el empresario de la salud.<\/p>\n<p>\"El m\u00e9dico dijo que hab\u00eda m\u00e1s gente, de seguridad, estaba la madre. Intenta abrir la puerta pero estaba trabajada con el cuerpo. Lo ve sin vida a trav\u00e9s del espacio que quedaba y no toca nada\", asegur\u00f3 Belocopitt.<\/p>\n<p>\"\u00c9l completa una historia donde explica lo ocurrido. Estuvo algunos minutos porque despu\u00e9s se acerc\u00f3 alguien de seguridad y le dijo que no hab\u00eda m\u00e1s nada que hacer. Abajo se encuentra con el m\u00e9dico del SAME y le explica lo sucedido. El m\u00e9dico vio el arma. No entr\u00f3 al ba\u00f1o, pero por su experiencia se dio cuenta de que estaba muerto, no ten\u00eda ninguna duda\", cerr\u00f3 el empresario.<\/p>\n<h1 style=\"text-align: center;\">\n<strong>Marcha por Nisman en la AMIA: \"La gente est\u00e1 cansada de no tener Justicia\"<\/strong><\/h1>\n<p>Los dirigentes de la comunidad jud\u00eda afirmaron que el fiscal es \"irremplazable\". Hubo varios dirigentes de la oposici\u00f3n pero no representantes del Gobierno.<\/p>\n<p>Los dirigentes de la AMIA y la DAIA reclamaron hoy Justicia y un pronto esclarecimiento del caso que investiga la muerte del fiscal especial de AMIA, Alberto Nisman, que apareci\u00f3 muerto el domingo en su departamento de Puerto Madero. \"La gente est\u00e1 cansada de no tener justicia\", asegur\u00f3 el titular de la DAIA, Julio Schlosser en la movilizaci\u00f3n que se desarroll\u00f3 en la sede de la AMIA, ubicada en Pasteur 633.<\/p>\n<p>Schlosser reclam\u00f3 que no se \"mire para otro lado\" en las investigaciones sobre el atentado a la AMIA y la muerte del fiscal. Advirti\u00f3, adem\u00e1s, que van a \"controlar\" y \"decir lo que no se debe hacer\" al respecto.<\/p>\n<p><a href=\"http:\/\/notinor.com\/jujuy\/wp-content\/uploads\/2015\/01\/marcha-nisman-amia.jpg\"><img decoding=\"async\" loading=\"lazy\" class=\"alignnone  wp-image-13355\" src=\"http:\/\/notinor.com\/jujuy\/wp-content\/uploads\/2015\/01\/marcha-nisman-amia-300x165.jpg\" alt=\"marcha nisman amia\" width=\"498\" height=\"274\" srcset=\"https:\/\/notinor.com\/jujuy\/wp-content\/uploads\/2015\/01\/marcha-nisman-amia-300x165.jpg 300w, https:\/\/notinor.com\/jujuy\/wp-content\/uploads\/2015\/01\/marcha-nisman-amia.jpg 672w\" sizes=\"(max-width: 498px) 100vw, 498px\" \/><\/a><\/p>\n<p>\"Cuando fuimos al Congreso, fuimos a hablar, no con los tapones de punta\", sostuvo durante el acto convocado bajo el lema \"Por la Verdad y la Justicia\", al tiempo que remarc\u00f3 que \"la gente est\u00e1 cansada de no tener justicia\" y manifest\u00f3 que el fiscal Nisma es \"irremplazable\".<\/p>\n<p>Por su parte, el titular de la AMIA, Leonardo Jmelnitzky, afirm\u00f3 esta tarde que \"la falta de justicia en estos 20 a\u00f1os de investigaci\u00f3n del atentado contra la AMIA\" tiene como resultado \"impunidad\".<\/p>\n<p>\"Somos absolutamente respetuosos de la Justicia\" y de que se \"trabaje con libertad\" pero \"la falta de justicia\" en estos a\u00f1os 20 a\u00f1os de investigaci\u00f3n \"tiene como resultado una sola definici\u00f3n: impunidad\", expres\u00f3 el dirigente jud\u00edo.<\/p>\n<p>Tambi\u00e9n lament\u00f3 que el terrorismo internacional que \"golpe\u00f3 dos veces\" en Argentina \"sigue desangrando al mundo entero\", durante el acto frente a la sede ubicada en la calle Pasteur al 600.<\/p>\n<p>Dirigentes de distintos partidos asistieron a la convocatoria. Mauricio Macri, Ernesto Sanz, Julio Cobos, Francisco De Narvaez, Ricardo Alfons\u00edn, Jos\u00e9 Manuel De la Sota, Dario Giustossi, Patricia Bullrich y Graciela Oca\u00f1a, entre otros, dijeron presente.<\/p>\n<h1 style=\"text-align: center;\">\n<strong>Lijo dispuso una custodia para los dos supuestos agentes de la ex SIDE<\/strong><\/h1>\n<p>Se trata de Allan Bogado y de ex fiscal H\u00e9ctor Yrimia. Para Parrilli no pertenecen a la Secretar\u00eda de Inteligencia.<\/p>\n<p>El juez federal Ariel Lijo le pidi\u00f3 al Ministerio de Seguridad una custodia oficial para los dos supuestos agentes de la Secretar\u00eda de Inteligencia acusados en la denuncia del fiscal Alberto Nisman como parte de la maniobra de encubrimiento, pudo saber Clar\u00edn de fuentes judiciales. Se trata de Ram\u00f3n Allan Bogado y el ex fiscal H\u00e9ctor Yrimia.<\/p>\n<p>Bogado hab\u00eda dejado trascender que ten\u00eda miedo por su vida. Tambi\u00e9n dijo en las \u00faltimas horas, seg\u00fan revel\u00f3 hoy Clar\u00edn, que est\u00e1 dispuesto a declarar.<\/p>\n<p>Anoche, el secretario de Inteligencia Oscar Parrilli le respondi\u00f3 una nota al juez Ariel Lijo y le inform\u00f3 que Bogado e Yrimia no son agentes de planta o contratados de esa secretar\u00eda. \"No pertenecen ni han pertenecido como personal de la planta permanente, contratado, de gabinete ni personal transitorio\", dice la nota que lleva la firma de Parrilli.<\/p>\n<p>Adem\u00e1s de desconocer a Bogado, Parrilli afirm\u00f3 que el 12 de noviembre del a\u00f1o pasado la Secretar\u00eda de Inteligencia lo hab\u00eda denunciado por el delito de tr\u00e1fico de influencias. Seg\u00fan esa denuncia, que recay\u00f3 en el juzgado de Luis Rodr\u00edguez, Bogado \"se presentaba ante funcionarios de la Aduana como agente de la Secretar\u00eda\". Ante eso, el juez Lijo tambi\u00e9n orden\u00f3 certificar esa denuncia para tomar conocimiento de la misma.<\/p>\n<p>La otra novedad en la causa es que el abogado Fernando Burlando se present\u00f3 hoy como abogado de Fernando Esteche, el dirigente de Quebracho que admiti\u00f3 p\u00fablicamente conocer a Bogado, y pidi\u00f3 tener copia de la causa.<\/p>\n<p>Fuentes judiciales consultadas por este diario dijeron hoy que la respuesta de Parrilli es \u201ccre\u00edble\u201d, pero que la versi\u00f3n oficial no deslegitima la denuncia de Nisman.<\/p>\n","protected":false},"excerpt":{"rendered":"<p>Un pasadizo al departamento, pisadas y huellas: las nuevas pistas en el caso Nisman Los investigadores descubrieron un tercer acceso a la vivienda donde falleci\u00f3 el fiscal Los investigadores de la muerte del fiscal federal Alberto Nisman descubrieron un tercer acceso al departamento del edificio Le Parc en Puerto Madero, en el que detectaron una [&hellip;]<\/p>\n","protected":false},"author":1,"featured_media":13357,"comment_status":"open","ping_status":"open","sticky":false,"template":"","format":"standard","meta":{"_stopmodifiedupdate":false,"_modified_date":"","inline_featured_image":false,"spay_email":"","jetpack_publicize_message":""},"categories":[5],"tags":[],"jetpack_featured_media_url":"https:\/\/notinor.com\/jujuy\/wp-content\/uploads\/2015\/01\/lijo-nisman-2.jpg","jetpack_publicize_connections":[],"_links":{"self":[{"href":"https:\/\/notinor.com\/jujuy\/wp-json\/wp\/v2\/posts\/13350"}],"collection":[{"href":"https:\/\/notinor.com\/jujuy\/wp-json\/wp\/v2\/posts"}],"about":[{"href":"https:\/\/notinor.com\/jujuy\/wp-json\/wp\/v2\/types\/post"}],"author":[{"embeddable":true,"href":"https:\/\/notinor.com\/jujuy\/wp-json\/wp\/v2\/users\/1"}],"replies":[{"embeddable":true,"href":"https:\/\/notinor.com\/jujuy\/wp-json\/wp\/v2\/comments?post=13350"}],"version-history":[{"count":1,"href":"https:\/\/notinor.com\/jujuy\/wp-json\/wp\/v2\/posts\/13350\/revisions"}],"predecessor-version":[{"id":13358,"href":"https:\/\/notinor.com\/jujuy\/wp-json\/wp\/v2\/posts\/13350\/revisions\/13358"}],"wp:featuredmedia":[{"embeddable":true,"href":"https:\/\/notinor.com\/jujuy\/wp-json\/wp\/v2\/media\/13357"}],"wp:attachment":[{"href":"https:\/\/notinor.com\/jujuy\/wp-json\/wp\/v2\/media?parent=13350"}],"wp:term":[{"taxonomy":"category","embeddable":true,"href":"https:\/\/notinor.com\/jujuy\/wp-json\/wp\/v2\/categories?post=13350"},{"taxonomy":"post_tag","embeddable":true,"href":"https:\/\/notinor.com\/jujuy\/wp-json\/wp\/v2\/tags?post=13350"}],"curies":[{"name":"wp","href":"https:\/\/api.w.org\/{rel}","templated":true}]}}