{"id":13327,"date":"2015-01-22T00:03:58","date_gmt":"2015-01-22T03:03:58","guid":{"rendered":"http:\/\/notinor.com\/jujuy\/?p=13327"},"modified":"2015-01-21T21:36:53","modified_gmt":"2015-01-22T00:36:53","slug":"duras-repercusiones-en-la-prensa-de-eeuu-por-la-sospechosa-muerte-de-nisman","status":"publish","type":"post","link":"https:\/\/notinor.com\/jujuy\/duras-repercusiones-en-la-prensa-de-eeuu-por-la-sospechosa-muerte-de-nisman\/","title":{"rendered":"Duras repercusiones en la prensa de EEUU por la sospechosa muerte de Nisman"},"content":{"rendered":"<p>\"La Argentina ha sufrido un proceso de chavizaci\u00f3n bajo la presidencia de Kirchner y se est\u00e1 convirtiendo en un r\u00e9gimen autoritario dentro de una fr\u00e1gil democracia\", asegura en una columna que trata al fiscal muerto de \"un h\u00e9roe de gran valor\".<\/p>\n<p><a href=\"http:\/\/notinor.com\/jujuy\/wp-content\/uploads\/2015\/01\/washington-times.jpg\"><img decoding=\"async\" loading=\"lazy\" class=\"alignnone  wp-image-13328\" src=\"http:\/\/notinor.com\/jujuy\/wp-content\/uploads\/2015\/01\/washington-times-300x182.jpg\" alt=\"washington times\" width=\"503\" height=\"305\" srcset=\"https:\/\/notinor.com\/jujuy\/wp-content\/uploads\/2015\/01\/washington-times-300x182.jpg 300w, https:\/\/notinor.com\/jujuy\/wp-content\/uploads\/2015\/01\/washington-times.jpg 781w\" sizes=\"(max-width: 503px) 100vw, 503px\" \/><\/a><\/p>\n<p>La prensa internacional se hace eco de la noticia de la muerte del fiscal Alberto Nisman ocurrida el fin de semana \u00faltimo, en medio de las implicancias por la investigaci\u00f3n del atentado a la sede mutual jud\u00eda AMIA en 1994.<\/p>\n<p>Tal como ocurri\u00f3 hoy con el prestigioso The New York Times, que hace un llamado para que se instituya una \"investigaci\u00f3n internacional\" a cargo de juristas sobre el atentado de la AMIA, a la vez que llama la atenci\u00f3n sobre la \"sospechosa muerte\" del fiscal Alberto Nisman .<\/p>\n<p>Pero el diario conservador estadounidense The Washington Times fue m\u00e1s all\u00e1 de la simple especulaci\u00f3n o cr\u00edtica hacia el sistema pol\u00edtico argentino y las sospechas que puede causar su muerte un d\u00eda antes de la presentaci\u00f3n de un vasto informe en el Congreso.<\/p>\n<p>En una fuerte editorial del autor Luis Fleischman, el diario asegura en el t\u00edtulo que \"las naciones occidentales deben sancionar y aislar a los l\u00edderes argentinos\", mientras que da por sentado que el fiscal \"fue asesinado\", sin mediar las dudas de un suicidio.<\/p>\n<p>\"La Argentina ha sufrido un proceso de chavizaci\u00f3n bajo la presidencia de Kirchner. Se est\u00e1 convirtiendo en un r\u00e9gimen autoritario dentro de una fr\u00e1gil democracia, con una ideolog\u00eda muy anti estadounidense\", asegura la columna. Y prosigue : \"El asesinato tuvo lugar poco antes de las sesiones del Congreso, donde se supon\u00eda que el fiscal iba a presentar pruebas denunciando la participaci\u00f3n de la presidenta Cristina Kirchner y el canciller H\u00e9ctor Timmerman\".<\/p>\n<h1><strong>H\u00c9ROE DE GRAN VALOR<\/strong><\/h1>\n<p>\"El se\u00f1or Nisman fue un h\u00e9roe, un hombre de gran valor en un pa\u00eds donde reina la impunidad\", manifiesta Fleischman en su art\u00edculo, al tiempo que sostiene que el fiscal \"ten\u00eda fuertes conexiones en los Estados Unidos\".<\/p>\n<p>Por \u00faltimo, el autor da por sentada la relaci\u00f3n entre Argentina e Ir\u00e1n y concluye: \"La relaci\u00f3n entre ambos pa\u00edses no es simplemente para resolver un problema econ\u00f3mico. Es tambi\u00e9n una posici\u00f3n ideol\u00f3gica del gobierno argentino, que se solidariza con Ir\u00e1n y su antiamericanismo\".<\/p>\n<p>\"Los Estados Unidos deben suspender las visas a los miembros del gobierno argentino (as\u00ed como otros gobiernos de Am\u00e9rica Latina, principalmente de pa\u00edses del ALBA y Brasil) y sus instituciones de seguridad como un medio para ejercer presi\u00f3n sobre el gobierno argentino\", afirma Fleischman, y llama a una rebeli\u00f3n contra el pa\u00eds: \"Hay que trabajar con Europa para que lo que los l\u00edderes argentinos sean considerados personas no gratas\".<\/p>\n<h1><strong>Duro editorial de The New York Times\u00a0<\/strong><\/h1>\n<p>WASHINGTON.- En un duro editorial, el diario The New York Times, uno de los m\u00e1s influyentes de Occidente, hace un llamado para que se instituya una \"investigaci\u00f3n internacional\" a cargo de juristas sobre el atentado de la AMIA, a la vez que llama la atenci\u00f3n sobre la \"sospechosa muerte\" del fiscal Alberto Nisman .<\/p>\n<p><a href=\"http:\/\/notinor.com\/jujuy\/wp-content\/uploads\/2015\/01\/nyt-nisman.jpg\"><img decoding=\"async\" loading=\"lazy\" class=\"alignnone  wp-image-13329\" src=\"http:\/\/notinor.com\/jujuy\/wp-content\/uploads\/2015\/01\/nyt-nisman-300x200.jpg\" alt=\"nyt nisman\" width=\"500\" height=\"333\" \/><\/a><\/p>\n<p>El pedido del diario est\u00e1 expresado en la nota editorial de hoy. \"Sospechosa muerte en la Argentina\", se titula el texto.<\/p>\n<p>El clamor por una investigaci\u00f3n clara se suma a la solicitud que, ayer, hizo el Departamento de Estado.<\/p>\n<p>En una segunda declaraci\u00f3n luego de conocerse la noticia de la muerte, la cartera de John Kerry sum\u00f3 a sus expresiones iniciales de condolencia y a favor de la investigaci\u00f3n de lo ocurrido en la AMIA un llamado adicional para que se aclare \"por completo y en forma objetiva\" el final de Nisman.<\/p>\n<p>Las expresiones en tal sentido son s\u00f3lo una muestra del profundo impacto que tuvo la noticia y de los interrogantes que abre.<\/p>\n<p>\"Esto es algo que queda claro. La mejor esperanza para conocer lo que pas\u00f3 en el atentado de la AMIA es que un equipo internacional de juristas\" revise la evidencia recopilada, dice la nota del Times.<\/p>\n<p>\"Esto es m\u00e1s evidente a\u00fan luego de que el fiscal que investigaba el caso apareciera muerto, apenas horas antes de testificar en una denuncia contra la presidenta Cristina Kirchner sobre su acuerdo con Ir\u00e1n \" y la supuesta intenci\u00f3n de proteger a acusados de ese pa\u00eds en el ataque.<\/p>\n<p>\"De acuerdo con la prensa argentina, no hab\u00eda signos\" que llevaran a Nisman a pensar en un suicidio. S\u00ed, en cambio, de que la investigaci\u00f3n que llevaba a cabo \"pudiera costarle la vida\", se\u00f1ala.<\/p>\n<p>Sin embargo, la nota editorial llama la atenci\u00f3n sobre la premura con que la Presidenta -a quien describe como \"una mujer agresiva contra la prensa y contra sus adversarios\"- habl\u00f3 de suicidio.<\/p>\n<p>\"La Presidenta habl\u00f3 de suicidio y no hizo una sola menci\u00f3n de condolencia a la familia\", reprocha el diario. Pero lo m\u00e1s grave, se\u00f1ala, es que la muerte est\u00e1 lejos de aclararse.<\/p>\n","protected":false},"excerpt":{"rendered":"<p>\"La Argentina ha sufrido un proceso de chavizaci\u00f3n bajo la presidencia de Kirchner y se est\u00e1 convirtiendo en un r\u00e9gimen autoritario dentro de una fr\u00e1gil democracia\", asegura en una columna que trata al fiscal muerto de \"un h\u00e9roe de gran valor\". La prensa internacional se hace eco de la noticia de la muerte del fiscal [&hellip;]<\/p>\n","protected":false},"author":1,"featured_media":13330,"comment_status":"open","ping_status":"open","sticky":false,"template":"","format":"standard","meta":{"_stopmodifiedupdate":false,"_modified_date":"","inline_featured_image":false,"spay_email":"","jetpack_publicize_message":""},"categories":[6],"tags":[],"jetpack_featured_media_url":"https:\/\/notinor.com\/jujuy\/wp-content\/uploads\/2015\/01\/nyt.jpg","jetpack_publicize_connections":[],"_links":{"self":[{"href":"https:\/\/notinor.com\/jujuy\/wp-json\/wp\/v2\/posts\/13327"}],"collection":[{"href":"https:\/\/notinor.com\/jujuy\/wp-json\/wp\/v2\/posts"}],"about":[{"href":"https:\/\/notinor.com\/jujuy\/wp-json\/wp\/v2\/types\/post"}],"author":[{"embeddable":true,"href":"https:\/\/notinor.com\/jujuy\/wp-json\/wp\/v2\/users\/1"}],"replies":[{"embeddable":true,"href":"https:\/\/notinor.com\/jujuy\/wp-json\/wp\/v2\/comments?post=13327"}],"version-history":[{"count":1,"href":"https:\/\/notinor.com\/jujuy\/wp-json\/wp\/v2\/posts\/13327\/revisions"}],"predecessor-version":[{"id":13331,"href":"https:\/\/notinor.com\/jujuy\/wp-json\/wp\/v2\/posts\/13327\/revisions\/13331"}],"wp:featuredmedia":[{"embeddable":true,"href":"https:\/\/notinor.com\/jujuy\/wp-json\/wp\/v2\/media\/13330"}],"wp:attachment":[{"href":"https:\/\/notinor.com\/jujuy\/wp-json\/wp\/v2\/media?parent=13327"}],"wp:term":[{"taxonomy":"category","embeddable":true,"href":"https:\/\/notinor.com\/jujuy\/wp-json\/wp\/v2\/categories?post=13327"},{"taxonomy":"post_tag","embeddable":true,"href":"https:\/\/notinor.com\/jujuy\/wp-json\/wp\/v2\/tags?post=13327"}],"curies":[{"name":"wp","href":"https:\/\/api.w.org\/{rel}","templated":true}]}}