{"id":133160,"date":"2017-09-02T13:07:20","date_gmt":"2017-09-02T16:07:20","guid":{"rendered":"http:\/\/notinor.com\/jujuy\/?p=133160"},"modified":"2017-09-03T10:51:52","modified_gmt":"2017-09-03T13:51:52","slug":"la-inflacion-en-jujuy-en-lo-que-va-del-ano-es-de-112","status":"publish","type":"post","link":"https:\/\/notinor.com\/jujuy\/la-inflacion-en-jujuy-en-lo-que-va-del-ano-es-de-112\/","title":{"rendered":"La Inflaci\u00f3n en Jujuy en lo que va del a\u00f1o es de 11,2%"},"content":{"rendered":"<p>La titular de la DIPEC, Ana Ju\u00e1rez Orieta, convers\u00f3 con nuestro medio sobre los n\u00fameros que maneja la DIPEC en cuanto a la inflaci\u00f3n. Ju\u00e1rez Orieta aclar\u00f3 que \u201cdesde ac\u00e1 se producen los propios \u00edndices inflacionarios para la provincia de Jujuy. La inflaci\u00f3n correspondiente al mes de Julio ha sido de 0,4% y tenemos una diferencia bastante considerable a nivel regional y nacional\u201d.<\/p>\n<p>\u201cA nivel nacional es de 1,2%, a nivel regional de 1,4% y en la provincia de Jujuy nosotros tenemos el 0,4%\u201d remarc\u00f3 la titular de la DIPEC.<\/p>\n<p>Ana Ju\u00e1rez Orieta destac\u00f3 que \u201cla inflaci\u00f3n bajo en el mes de julio ya que ven\u00edamos con 1,0 y 1,2%.\u00a0 Cuando el INDEC publico un 1,8% nosotros tuvimos un 2,1%, este fue el pico que tuvimos al principio del a\u00f1o. Esto obedece, en la provincia de Jujuy, a que en el mes de Julio hubo una \u00a0deflaci\u00f3n muy considerable en verduras y futas frescas que no obedece a una cuesti\u00f3n estacional, porque nuestro \u00edndice prev\u00e9 la estacionalidad de las verduras y las frutas, sino que bajo porque bajo el consumo y como son elementos perecederos, el mercado bajo el precio y lo deflacto en 1,8% en promedio. Las frutas y las verduras \u00a0tienen mucho peso dentro del \u00edndice general\u201d.<\/p>\n<p><a href=\"http:\/\/notinor.com\/jujuy\/wp-content\/uploads\/2017\/09\/feria.jpg\"><img decoding=\"async\" loading=\"lazy\" class=\"alignnone wp-image-133163 size-large\" src=\"http:\/\/notinor.com\/jujuy\/wp-content\/uploads\/2017\/09\/feria-800x502.jpg\" alt=\"feria\" width=\"800\" height=\"502\" srcset=\"https:\/\/notinor.com\/jujuy\/wp-content\/uploads\/2017\/09\/feria-800x502.jpg 800w, https:\/\/notinor.com\/jujuy\/wp-content\/uploads\/2017\/09\/feria-300x188.jpg 300w, https:\/\/notinor.com\/jujuy\/wp-content\/uploads\/2017\/09\/feria-220x138.jpg 220w, https:\/\/notinor.com\/jujuy\/wp-content\/uploads\/2017\/09\/feria.jpg 1024w\" sizes=\"(max-width: 800px) 100vw, 800px\" \/><\/a><\/p>\n<p>\u201cEse es el motivo por el cual nosotros tenemos este fen\u00f3meno para el mes de Julio. Despu\u00e9s los restantes meses del 2017 tuvimos una continuaci\u00f3n bastante paralela con el \u00edndice de la regi\u00f3n, pero en este caso particular, bajo el consumo en la provincia de Jujuy. Nosotros podemos hacer ese an\u00e1lisis en virtud de que tambi\u00e9n monitoreamos el consumo\u201d explic\u00f3 la titular de la DIPEC.<\/p>\n<p>Asimismo aclar\u00f3 que \u201ctener una deflaci\u00f3n no es bueno as\u00ed como tener una inflaci\u00f3n muy alta tampoco es bueno. Nosotros en la provincia de Jujuy ven\u00edamos llevando una inflaci\u00f3n saludable, una inflaci\u00f3n de 1,0 o 0,9 que es una inflaci\u00f3n saludable que demuestra que el mercado se est\u00e1 moviendo y que el consumo esta constante\u201d.<\/p>\n<p>Tambi\u00e9n se\u00f1al\u00f3 que \u201cen lo que va del a\u00f1o la inflaci\u00f3n est\u00e1 en un 11,9% y con relaci\u00f3n al a\u00f1o pasado estamos en la mitad, el a\u00f1o pasado a esta altura est\u00e1bamos con 27,2% de inflaci\u00f3n acumulada, o sea que la inflaci\u00f3n se ha estabilizado a principio de este a\u00f1o para tener una constante de un punto alrededor\u201d.<\/p>\n<p>Para finalizar Ana Ju\u00e1rez Orieta hizo referencia a cual es la situaci\u00f3n de los empleados despedidos de la DIPEC y expuso que \u201ccon respecto al conflicto que ten\u00edamos con los empleados de Ate, se han rescindido los contratos de locaci\u00f3n de servicio el 30 de junio del corriente a\u00f1o, se hizo la denuncia penal correspondiente, que est\u00e1 en la fiscal\u00eda del doctor Farf\u00e1n, el estuvo activo durante la feria y se aportaron las pruebas necesarias. En este caso\u00a0 se actu\u00f3 de acuerdo a la ley provincial de contrataciones de servicio y se procedi\u00f3 a dar cesaci\u00f3n a los contratos as\u00ed que estamos en manos de la justicia y en lo est\u00e1 disponga en cuanto a los tiempos para que se d\u00e9 una definici\u00f3n en relaci\u00f3n a esto\u201d.<\/p>\n<p>&nbsp;<\/p>\n","protected":false},"excerpt":{"rendered":"<p>La titular de la DIPEC, Ana Ju\u00e1rez Orieta, convers\u00f3 con nuestro medio sobre los n\u00fameros que maneja la DIPEC en cuanto a la inflaci\u00f3n. Ju\u00e1rez Orieta aclar\u00f3 que \u201cdesde ac\u00e1 se producen los propios \u00edndices inflacionarios para la provincia de Jujuy. La inflaci\u00f3n correspondiente al mes de Julio ha sido de 0,4% y tenemos una [&hellip;]<\/p>\n","protected":false},"author":1,"featured_media":133162,"comment_status":"open","ping_status":"open","sticky":false,"template":"","format":"standard","meta":{"_stopmodifiedupdate":false,"_modified_date":"","inline_featured_image":false},"categories":[493],"tags":[],"jetpack_featured_media_url":"https:\/\/notinor.com\/jujuy\/wp-content\/uploads\/2017\/09\/21330473_1631010720263954_384995654_o.jpg","_links":{"self":[{"href":"https:\/\/notinor.com\/jujuy\/wp-json\/wp\/v2\/posts\/133160"}],"collection":[{"href":"https:\/\/notinor.com\/jujuy\/wp-json\/wp\/v2\/posts"}],"about":[{"href":"https:\/\/notinor.com\/jujuy\/wp-json\/wp\/v2\/types\/post"}],"author":[{"embeddable":true,"href":"https:\/\/notinor.com\/jujuy\/wp-json\/wp\/v2\/users\/1"}],"replies":[{"embeddable":true,"href":"https:\/\/notinor.com\/jujuy\/wp-json\/wp\/v2\/comments?post=133160"}],"version-history":[{"count":2,"href":"https:\/\/notinor.com\/jujuy\/wp-json\/wp\/v2\/posts\/133160\/revisions"}],"predecessor-version":[{"id":133164,"href":"https:\/\/notinor.com\/jujuy\/wp-json\/wp\/v2\/posts\/133160\/revisions\/133164"}],"wp:featuredmedia":[{"embeddable":true,"href":"https:\/\/notinor.com\/jujuy\/wp-json\/wp\/v2\/media\/133162"}],"wp:attachment":[{"href":"https:\/\/notinor.com\/jujuy\/wp-json\/wp\/v2\/media?parent=133160"}],"wp:term":[{"taxonomy":"category","embeddable":true,"href":"https:\/\/notinor.com\/jujuy\/wp-json\/wp\/v2\/categories?post=133160"},{"taxonomy":"post_tag","embeddable":true,"href":"https:\/\/notinor.com\/jujuy\/wp-json\/wp\/v2\/tags?post=133160"}],"curies":[{"name":"wp","href":"https:\/\/api.w.org\/{rel}","templated":true}]}}