{"id":131416,"date":"2017-08-21T00:01:12","date_gmt":"2017-08-21T03:01:12","guid":{"rendered":"http:\/\/notinor.com\/jujuy\/?p=131416"},"modified":"2017-08-21T10:33:05","modified_gmt":"2017-08-21T13:33:05","slug":"exitoso-festival-del-dia-de-los-ninos-y-las-ninas","status":"publish","type":"post","link":"https:\/\/notinor.com\/jujuy\/exitoso-festival-del-dia-de-los-ninos-y-las-ninas\/","title":{"rendered":"Exitoso Festival del D\u00eda de los Ni\u00f1os y las Ni\u00f1as"},"content":{"rendered":"<div class=\"post-content\">\n<p>&nbsp;<\/p>\n<p><img decoding=\"async\" loading=\"lazy\" class=\"aligncenter size-large wp-image-22607\" src=\"http:\/\/prensa.jujuy.gob.ar\/wp-content\/uploads\/sites\/37\/2017\/08\/WhatsApp-Image-2017-08-19-at-19.08.41-1024x682.jpeg\" sizes=\"(max-width: 1024px) 100vw, 1024px\" srcset=\"http:\/\/prensa.jujuy.gob.ar\/wp-content\/uploads\/sites\/37\/2017\/08\/WhatsApp-Image-2017-08-19-at-19.08.41-1024x682.jpeg 1024w, http:\/\/prensa.jujuy.gob.ar\/wp-content\/uploads\/sites\/37\/2017\/08\/WhatsApp-Image-2017-08-19-at-19.08.41-300x200.jpeg 300w, http:\/\/prensa.jujuy.gob.ar\/wp-content\/uploads\/sites\/37\/2017\/08\/WhatsApp-Image-2017-08-19-at-19.08.41-768x512.jpeg 768w, http:\/\/prensa.jujuy.gob.ar\/wp-content\/uploads\/sites\/37\/2017\/08\/WhatsApp-Image-2017-08-19-at-19.08.41-600x400.jpeg 600w, http:\/\/prensa.jujuy.gob.ar\/wp-content\/uploads\/sites\/37\/2017\/08\/WhatsApp-Image-2017-08-19-at-19.08.41-1140x760.jpeg 1140w, http:\/\/prensa.jujuy.gob.ar\/wp-content\/uploads\/sites\/37\/2017\/08\/WhatsApp-Image-2017-08-19-at-19.08.41-480x320.jpeg 480w, http:\/\/prensa.jujuy.gob.ar\/wp-content\/uploads\/sites\/37\/2017\/08\/WhatsApp-Image-2017-08-19-at-19.08.41-960x640.jpeg 960w, http:\/\/prensa.jujuy.gob.ar\/wp-content\/uploads\/sites\/37\/2017\/08\/WhatsApp-Image-2017-08-19-at-19.08.41.jpeg 1280w\" alt=\"WhatsApp Image 2017-08-19 at 19.08.41\" width=\"1024\" height=\"682\" \/><\/p>\n<p>Por su parte, la ministra de Desarrollo Humano, Ada Galfr\u00e9 destac\u00f3 que \u201cse trata de un a\u00f1o m\u00e1s en el que a trav\u00e9s del juego y el encuentro con la familia se hacen conocer los derechos de las ni\u00f1as y de los ni\u00f1os, buscando hacerlos m\u00e1s afectivos, logrando crear m\u00e1s conciencia\u201d.<\/p>\n<p>El Ministerio de Desarrollo Humano estuvo presente con cada una de sus Secretar\u00edas, adem\u00e1s de la participaci\u00f3n de la Direcci\u00f3n de Inclusi\u00f3n de Personas con Discapacidad. La Secretar\u00eda de Paridad de G\u00e9nero hizo lo propio en lo que respecta al derecho a la alimentaci\u00f3n; de igual forma que Ni\u00f1ez, Adolescencia y Familia.<\/p>\n<p>Asimismo, el Ministerio de Trabajo y Empleo resalt\u00f3 la tem\u00e1tica de erradicaci\u00f3n del trabajo infantil; desde Educaci\u00f3n se destac\u00f3 el derecho a aprender; y Salud con el derecho a la salud y el cuidado bucodental. Desde Ambiente con la propuesta de un ambiente saludable; desde Gobierno y Justicia con el derecho a la identidad del nombre.<\/p>\n<p>\u201cEl Ministerio de Seguridad estuvo presente con distintos juegos de supervivencia\u201d, ponder\u00f3 Galfr\u00e9, a lo que agreg\u00f3: \u201cadem\u00e1s nos acompa\u00f1an el SAME, los Bomberos, los perros amaestrados de la Polic\u00eda de la Provincia; la Municipalidad con Seguridad vial y con espacios recreativos desde los Centros de Cuidado Infantil; todos tienen algo que ver porque la infancia es una transversalidad, es por ello que se est\u00e1 participando desde los distintos \u00e1mbitos en forma unificada, a los efectos de poder ponerle contenido a esta fiesta\u201d.<\/p>\n<p>En cuanto a los espect\u00e1culos musicales y teatrales, la titular de Desarrollo Humano resalt\u00f3 que \u201cdesde el Ministerio de Cultura y Turismo, se gestionaron los shows que se fueron llevando adelante durante toda la jornada, adem\u00e1s de participar con stands con la tem\u00e1tica del derecho a la cultura. Podemos destacar obras de teatro locales como Circo en Movimiento, Sol y Arte con materiales inclusivos; Movete y como cierre el Mundo de Caro y Juanchi\u201d.<\/p>\n<p><img decoding=\"async\" loading=\"lazy\" class=\"aligncenter size-large wp-image-22600\" src=\"http:\/\/prensa.jujuy.gob.ar\/wp-content\/uploads\/sites\/37\/2017\/08\/2-8-1024x781.jpg\" sizes=\"(max-width: 1024px) 100vw, 1024px\" srcset=\"http:\/\/prensa.jujuy.gob.ar\/wp-content\/uploads\/sites\/37\/2017\/08\/2-8-1024x781.jpg 1024w, http:\/\/prensa.jujuy.gob.ar\/wp-content\/uploads\/sites\/37\/2017\/08\/2-8-300x229.jpg 300w, http:\/\/prensa.jujuy.gob.ar\/wp-content\/uploads\/sites\/37\/2017\/08\/2-8-768x585.jpg 768w, http:\/\/prensa.jujuy.gob.ar\/wp-content\/uploads\/sites\/37\/2017\/08\/2-8-600x457.jpg 600w, http:\/\/prensa.jujuy.gob.ar\/wp-content\/uploads\/sites\/37\/2017\/08\/2-8-1140x869.jpg 1140w, http:\/\/prensa.jujuy.gob.ar\/wp-content\/uploads\/sites\/37\/2017\/08\/2-8-480x366.jpg 480w, http:\/\/prensa.jujuy.gob.ar\/wp-content\/uploads\/sites\/37\/2017\/08\/2-8-960x732.jpg 960w\" alt=\"2\" width=\"1024\" height=\"781\" \/><\/p>\n<p><img decoding=\"async\" loading=\"lazy\" class=\"aligncenter size-large wp-image-22604\" src=\"http:\/\/prensa.jujuy.gob.ar\/wp-content\/uploads\/sites\/37\/2017\/08\/5-2-1024x580.jpg\" sizes=\"(max-width: 1024px) 100vw, 1024px\" srcset=\"http:\/\/prensa.jujuy.gob.ar\/wp-content\/uploads\/sites\/37\/2017\/08\/5-2-1024x580.jpg 1024w, http:\/\/prensa.jujuy.gob.ar\/wp-content\/uploads\/sites\/37\/2017\/08\/5-2-300x170.jpg 300w, http:\/\/prensa.jujuy.gob.ar\/wp-content\/uploads\/sites\/37\/2017\/08\/5-2-768x435.jpg 768w, http:\/\/prensa.jujuy.gob.ar\/wp-content\/uploads\/sites\/37\/2017\/08\/5-2-600x340.jpg 600w, http:\/\/prensa.jujuy.gob.ar\/wp-content\/uploads\/sites\/37\/2017\/08\/5-2-1140x646.jpg 1140w, http:\/\/prensa.jujuy.gob.ar\/wp-content\/uploads\/sites\/37\/2017\/08\/5-2-480x272.jpg 480w, http:\/\/prensa.jujuy.gob.ar\/wp-content\/uploads\/sites\/37\/2017\/08\/5-2-960x544.jpg 960w\" alt=\"5\" width=\"1024\" height=\"580\" \/><\/p>\n<p><img decoding=\"async\" loading=\"lazy\" class=\"aligncenter size-large wp-image-22608\" src=\"http:\/\/prensa.jujuy.gob.ar\/wp-content\/uploads\/sites\/37\/2017\/08\/WhatsApp-Image-2017-08-19-at-19.08.40-1024x682.jpeg\" sizes=\"(max-width: 1024px) 100vw, 1024px\" srcset=\"http:\/\/prensa.jujuy.gob.ar\/wp-content\/uploads\/sites\/37\/2017\/08\/WhatsApp-Image-2017-08-19-at-19.08.40-1024x682.jpeg 1024w, http:\/\/prensa.jujuy.gob.ar\/wp-content\/uploads\/sites\/37\/2017\/08\/WhatsApp-Image-2017-08-19-at-19.08.40-300x200.jpeg 300w, http:\/\/prensa.jujuy.gob.ar\/wp-content\/uploads\/sites\/37\/2017\/08\/WhatsApp-Image-2017-08-19-at-19.08.40-768x512.jpeg 768w, http:\/\/prensa.jujuy.gob.ar\/wp-content\/uploads\/sites\/37\/2017\/08\/WhatsApp-Image-2017-08-19-at-19.08.40-600x400.jpeg 600w, http:\/\/prensa.jujuy.gob.ar\/wp-content\/uploads\/sites\/37\/2017\/08\/WhatsApp-Image-2017-08-19-at-19.08.40-1140x760.jpeg 1140w, http:\/\/prensa.jujuy.gob.ar\/wp-content\/uploads\/sites\/37\/2017\/08\/WhatsApp-Image-2017-08-19-at-19.08.40-480x320.jpeg 480w, http:\/\/prensa.jujuy.gob.ar\/wp-content\/uploads\/sites\/37\/2017\/08\/WhatsApp-Image-2017-08-19-at-19.08.40-960x640.jpeg 960w, http:\/\/prensa.jujuy.gob.ar\/wp-content\/uploads\/sites\/37\/2017\/08\/WhatsApp-Image-2017-08-19-at-19.08.40.jpeg 1280w\" alt=\"WhatsApp Image 2017-08-19 at 19.08.40\" width=\"1024\" height=\"682\" \/><\/p>\n<\/div>\n<div class=\"container-inner\"><\/div>\n","protected":false},"excerpt":{"rendered":"<p>&nbsp; Por su parte, la ministra de Desarrollo Humano, Ada Galfr\u00e9 destac\u00f3 que \u201cse trata de un a\u00f1o m\u00e1s en el que a trav\u00e9s del juego y el encuentro con la familia se hacen conocer los derechos de las ni\u00f1as y de los ni\u00f1os, buscando hacerlos m\u00e1s afectivos, logrando crear m\u00e1s conciencia\u201d. El Ministerio de [&hellip;]<\/p>\n","protected":false},"author":1,"featured_media":131418,"comment_status":"open","ping_status":"open","sticky":false,"template":"","format":"standard","meta":{"_stopmodifiedupdate":false,"_modified_date":"","inline_featured_image":false},"categories":[493],"tags":[],"jetpack_featured_media_url":"https:\/\/notinor.com\/jujuy\/wp-content\/uploads\/2017\/08\/festivan-dia-del-ni\u00f1o.jpg","_links":{"self":[{"href":"https:\/\/notinor.com\/jujuy\/wp-json\/wp\/v2\/posts\/131416"}],"collection":[{"href":"https:\/\/notinor.com\/jujuy\/wp-json\/wp\/v2\/posts"}],"about":[{"href":"https:\/\/notinor.com\/jujuy\/wp-json\/wp\/v2\/types\/post"}],"author":[{"embeddable":true,"href":"https:\/\/notinor.com\/jujuy\/wp-json\/wp\/v2\/users\/1"}],"replies":[{"embeddable":true,"href":"https:\/\/notinor.com\/jujuy\/wp-json\/wp\/v2\/comments?post=131416"}],"version-history":[{"count":1,"href":"https:\/\/notinor.com\/jujuy\/wp-json\/wp\/v2\/posts\/131416\/revisions"}],"predecessor-version":[{"id":131419,"href":"https:\/\/notinor.com\/jujuy\/wp-json\/wp\/v2\/posts\/131416\/revisions\/131419"}],"wp:featuredmedia":[{"embeddable":true,"href":"https:\/\/notinor.com\/jujuy\/wp-json\/wp\/v2\/media\/131418"}],"wp:attachment":[{"href":"https:\/\/notinor.com\/jujuy\/wp-json\/wp\/v2\/media?parent=131416"}],"wp:term":[{"taxonomy":"category","embeddable":true,"href":"https:\/\/notinor.com\/jujuy\/wp-json\/wp\/v2\/categories?post=131416"},{"taxonomy":"post_tag","embeddable":true,"href":"https:\/\/notinor.com\/jujuy\/wp-json\/wp\/v2\/tags?post=131416"}],"curies":[{"name":"wp","href":"https:\/\/api.w.org\/{rel}","templated":true}]}}