{"id":131241,"date":"2017-08-18T00:01:28","date_gmt":"2017-08-18T03:01:28","guid":{"rendered":"http:\/\/notinor.com\/jujuy\/?p=131241"},"modified":"2017-08-18T00:43:53","modified_gmt":"2017-08-18T03:43:53","slug":"mega-festival-dia-del-nino-en-la-tablada-todo-lo-que-tenes-que-saber","status":"publish","type":"post","link":"https:\/\/notinor.com\/jujuy\/mega-festival-dia-del-nino-en-la-tablada-todo-lo-que-tenes-que-saber\/","title":{"rendered":"Mega Festival D\u00eda del Ni\u00f1o en la Tablada: Todo lo que tenes que saber"},"content":{"rendered":"<div class=\"titulo tj_titular\"><\/div>\n<div class=\"contenedor_social\">\n<div class=\"item_share_3 share_tw\">\n<div class=\"item_texto\">\u00a0Ada Galfre, Ministra de Desarrollo Humano y\u00a0el intendente Chuli Jorge, anunciaron la presencia del\u00a0Show \u201cEl Mundo de Caro y Juanchi\u201d, adem\u00e1s de juegos, regalos y sorpresas.<\/div>\n<div class=\"item_share_18 resetFont\"><\/div>\n<\/div>\n<div class=\"item_texto\"><\/div>\n<\/div>\n<div class=\"cuerpo_nota tj_texto\">\n<p>Con la intervenci\u00f3n de cada uno de los ministerios, el festival se desarrollar\u00e1 de las 15 hrs hasta las 19 y contar\u00e1 con juegos interactivos con contenido de derecho.<\/p>\n<p><a href=\"http:\/\/notinor.com\/jujuy\/wp-content\/uploads\/2017\/08\/juachi-y-caro.jpg\"><img decoding=\"async\" loading=\"lazy\" class=\"size-full wp-image-131243 aligncenter\" src=\"http:\/\/notinor.com\/jujuy\/wp-content\/uploads\/2017\/08\/juachi-y-caro.jpg\" alt=\"juachi y caro\" width=\"640\" height=\"640\" srcset=\"https:\/\/notinor.com\/jujuy\/wp-content\/uploads\/2017\/08\/juachi-y-caro.jpg 640w, https:\/\/notinor.com\/jujuy\/wp-content\/uploads\/2017\/08\/juachi-y-caro-150x150.jpg 150w, https:\/\/notinor.com\/jujuy\/wp-content\/uploads\/2017\/08\/juachi-y-caro-300x300.jpg 300w, https:\/\/notinor.com\/jujuy\/wp-content\/uploads\/2017\/08\/juachi-y-caro-125x125.jpg 125w, https:\/\/notinor.com\/jujuy\/wp-content\/uploads\/2017\/08\/juachi-y-caro-75x75.jpg 75w\" sizes=\"(max-width: 640px) 100vw, 640px\" \/><\/a><\/p>\n<p>Se pondr\u00e1n en escena cuatro grupos de teatro interactivos dejando siempre la libertad que los chicos elijan los juegos que quieran en las distintas islas que se dispondr\u00e1n dentro del campo.<\/p>\n<p>La festividad concluir\u00e1 con la presentaci\u00f3n del espect\u00e1culo \u201cEl Mundo de Caro y Juanchi\u201d que seguramente ser\u00e1 del agrado de la familia toda que tome parte de la propuesta.<\/p>\n<p>La funcionaria destac\u00f3 que los ni\u00f1os del interior de la provincia que quieran participar del show tendr\u00e1n pasaje libre y gratuito en las unidades de transporte p\u00fablico de pasajeros, no as\u00ed los adultos que los acompa\u00f1en. La entrada ser\u00e1 libre y gratuita y el acceso se cumplir\u00e1 por puertas laterales del estadio y no sobre avenida C\u00f3rdoba.<\/p>\n<p>Por su parte, el Intendente Jorge, se\u00f1al\u00f3 que todas las empresas de transporte p\u00fablico de pasajeros, a partir de horas 14 del d\u00eda s\u00e1bado 19 transportar\u00e1n a los ni\u00f1os de manera gratuita. Asimismo, se dispondr\u00e1 de personal para el ordenamiento del tr\u00e1nsito, la limpieza y seguridad tanto en el estadio como en las inmediaciones.<\/p>\n<p>Finalmente, destacaron que personal de SAME y de Defensa Civil prestar\u00e1n servicio en el predio como herramienta de soporte a todo el sistema de seguridad que se dispondr\u00e1 en el lugar.<\/p>\n<\/div>\n","protected":false},"excerpt":{"rendered":"<p>\u00a0Ada Galfre, Ministra de Desarrollo Humano y\u00a0el intendente Chuli Jorge, anunciaron la presencia del\u00a0Show \u201cEl Mundo de Caro y Juanchi\u201d, adem\u00e1s de juegos, regalos y sorpresas. Con la intervenci\u00f3n de cada uno de los ministerios, el festival se desarrollar\u00e1 de las 15 hrs hasta las 19 y contar\u00e1 con juegos interactivos con contenido de derecho. [&hellip;]<\/p>\n","protected":false},"author":1,"featured_media":131243,"comment_status":"open","ping_status":"open","sticky":false,"template":"","format":"standard","meta":{"_stopmodifiedupdate":false,"_modified_date":"","inline_featured_image":false},"categories":[485],"tags":[],"jetpack_featured_media_url":"https:\/\/notinor.com\/jujuy\/wp-content\/uploads\/2017\/08\/juachi-y-caro.jpg","_links":{"self":[{"href":"https:\/\/notinor.com\/jujuy\/wp-json\/wp\/v2\/posts\/131241"}],"collection":[{"href":"https:\/\/notinor.com\/jujuy\/wp-json\/wp\/v2\/posts"}],"about":[{"href":"https:\/\/notinor.com\/jujuy\/wp-json\/wp\/v2\/types\/post"}],"author":[{"embeddable":true,"href":"https:\/\/notinor.com\/jujuy\/wp-json\/wp\/v2\/users\/1"}],"replies":[{"embeddable":true,"href":"https:\/\/notinor.com\/jujuy\/wp-json\/wp\/v2\/comments?post=131241"}],"version-history":[{"count":1,"href":"https:\/\/notinor.com\/jujuy\/wp-json\/wp\/v2\/posts\/131241\/revisions"}],"predecessor-version":[{"id":131244,"href":"https:\/\/notinor.com\/jujuy\/wp-json\/wp\/v2\/posts\/131241\/revisions\/131244"}],"wp:featuredmedia":[{"embeddable":true,"href":"https:\/\/notinor.com\/jujuy\/wp-json\/wp\/v2\/media\/131243"}],"wp:attachment":[{"href":"https:\/\/notinor.com\/jujuy\/wp-json\/wp\/v2\/media?parent=131241"}],"wp:term":[{"taxonomy":"category","embeddable":true,"href":"https:\/\/notinor.com\/jujuy\/wp-json\/wp\/v2\/categories?post=131241"},{"taxonomy":"post_tag","embeddable":true,"href":"https:\/\/notinor.com\/jujuy\/wp-json\/wp\/v2\/tags?post=131241"}],"curies":[{"name":"wp","href":"https:\/\/api.w.org\/{rel}","templated":true}]}}