{"id":131235,"date":"2017-08-18T00:37:13","date_gmt":"2017-08-18T03:37:13","guid":{"rendered":"http:\/\/notinor.com\/jujuy\/?p=131235"},"modified":"2017-08-18T00:41:50","modified_gmt":"2017-08-18T03:41:50","slug":"jujuy-apuesta-a-convertirse-en-un-referente-en-las-energias-renovables","status":"publish","type":"post","link":"https:\/\/notinor.com\/jujuy\/jujuy-apuesta-a-convertirse-en-un-referente-en-las-energias-renovables\/","title":{"rendered":"Jujuy apuesta a convertirse en un referente en las energ\u00edas renovables"},"content":{"rendered":"<p>&nbsp;<\/p>\n<figure id=\"attachment_22460\" class=\"wp-caption alignnone\"><img decoding=\"async\" loading=\"lazy\" class=\"wp-image-22460\" src=\"http:\/\/prensa.jujuy.gob.ar\/wp-content\/uploads\/sites\/37\/2017\/08\/DSCN0995.jpg\" alt=\"DSCN0995\" width=\"830\" height=\"623\" \/><figcaption class=\"wp-caption-text\">El Gobernador Gerardo Morales particip\u00f3 del Precoloquio de IDEA Regi\u00f3n Centro en Rosario<\/figcaption><\/figure>\n<p>\u201cHemos dado una visi\u00f3n desde las provincias de la situaci\u00f3n econ\u00f3mica, el desarrollo, la producci\u00f3n, la generaci\u00f3n de empleo, es decir de los desaf\u00edos del presente y del futuro\u201d, remarc\u00f3 Morales quien asegur\u00f3 que es saludable que \u201cel gobierno nacional ahora no persiga a quienes piensan diferente, as\u00ed como que tiene una hoja de ruta centrada en la Coparticipaci\u00f3n\u201d.<\/p>\n<p>El Mandatario provincial recalc\u00f3 que ante la crisis\u00a0internacional del petr\u00f3leo \u201chay otro debate en el mundo\u201d. \u201cEl que no produzca y no genere se\u00f1ales de inversiones hacia la nueva matriz de la energ\u00edas renovables, sin dudas, se va a quedar afuera\u201d, se\u00f1al\u00f3 y agreg\u00f3 que en ese sentido:\u00a0\u201cJujuy tiene una situaci\u00f3n de privilegio. Por esa raz\u00f3n estamos construyendo una planta de 300 megavatios a 4000 msnm en la Puna\u201d.<\/p>\n<p>Morales destac\u00f3 adem\u00e1s que el litio es otra de las variantes que posibilitar\u00e1 tener un lugar preponderante en el escenario econ\u00f3mico nacional y regional y coment\u00f3 que empresarios italianos han tomado la decisi\u00f3n fabricar bater\u00edas de ese mineral en la Provincia. \u201cDebemos darle valor agregado a un recurso que tiene amplios beneficios en su explotaci\u00f3n en relaci\u00f3n con el desarrollo tecnol\u00f3gico\u201d, agreg\u00f3.<\/p>\n<p>\u201cJujuy es una provincia rica con seguridad jur\u00eddica. Se ha dado el primer paso para recibir a los inversores. Es decir, se ha resuelto la convivencia en paz, el respeto por el cumplimiento de la ley y la vida en tranquilidad\u201d, remarc\u00f3 Morales despertando un fuerte aplauso del nutrido auditorio de la Bolsa de Comercio de Rosario.<\/p>\n<p>El encuentro empresario, previo al 53\u00b0 Coloquio de IDEA, denominado TransformandoNOS, cont\u00f3 tambi\u00e9n con la presencia del ministro del Interior, Obras P\u00fablicas y Vivienda de la Naci\u00f3n, Rogelio Frigerio, destacados analistas econ\u00f3micos, CEOS y dirigentes de las principales empresas del pa\u00eds.<\/p>\n<p>La intendenta de Rosario, M\u00f3nica Fein junto al presidente de IDEA, Javier Go\u00f1i; su par de IDEA Centro, Juli\u00e1n Garc\u00eda; y el titular del pr\u00f3ximo Coloquio de la entidad, Gast\u00f3n Remy, recibieron al gobernador juje\u00f1o.<\/p>\n<p>&nbsp;<\/p>\n","protected":false},"excerpt":{"rendered":"<p>&nbsp; El Gobernador Gerardo Morales particip\u00f3 del Precoloquio de IDEA Regi\u00f3n Centro en Rosario \u201cHemos dado una visi\u00f3n desde las provincias de la situaci\u00f3n econ\u00f3mica, el desarrollo, la producci\u00f3n, la generaci\u00f3n de empleo, es decir de los desaf\u00edos del presente y del futuro\u201d, remarc\u00f3 Morales quien asegur\u00f3 que es saludable que \u201cel gobierno nacional ahora [&hellip;]<\/p>\n","protected":false},"author":1,"featured_media":131242,"comment_status":"open","ping_status":"open","sticky":false,"template":"","format":"standard","meta":{"_stopmodifiedupdate":false,"_modified_date":"","inline_featured_image":false},"categories":[485],"tags":[],"jetpack_featured_media_url":"https:\/\/notinor.com\/jujuy\/wp-content\/uploads\/2017\/08\/morales123..jpg","_links":{"self":[{"href":"https:\/\/notinor.com\/jujuy\/wp-json\/wp\/v2\/posts\/131235"}],"collection":[{"href":"https:\/\/notinor.com\/jujuy\/wp-json\/wp\/v2\/posts"}],"about":[{"href":"https:\/\/notinor.com\/jujuy\/wp-json\/wp\/v2\/types\/post"}],"author":[{"embeddable":true,"href":"https:\/\/notinor.com\/jujuy\/wp-json\/wp\/v2\/users\/1"}],"replies":[{"embeddable":true,"href":"https:\/\/notinor.com\/jujuy\/wp-json\/wp\/v2\/comments?post=131235"}],"version-history":[{"count":3,"href":"https:\/\/notinor.com\/jujuy\/wp-json\/wp\/v2\/posts\/131235\/revisions"}],"predecessor-version":[{"id":131247,"href":"https:\/\/notinor.com\/jujuy\/wp-json\/wp\/v2\/posts\/131235\/revisions\/131247"}],"wp:featuredmedia":[{"embeddable":true,"href":"https:\/\/notinor.com\/jujuy\/wp-json\/wp\/v2\/media\/131242"}],"wp:attachment":[{"href":"https:\/\/notinor.com\/jujuy\/wp-json\/wp\/v2\/media?parent=131235"}],"wp:term":[{"taxonomy":"category","embeddable":true,"href":"https:\/\/notinor.com\/jujuy\/wp-json\/wp\/v2\/categories?post=131235"},{"taxonomy":"post_tag","embeddable":true,"href":"https:\/\/notinor.com\/jujuy\/wp-json\/wp\/v2\/tags?post=131235"}],"curies":[{"name":"wp","href":"https:\/\/api.w.org\/{rel}","templated":true}]}}