{"id":13037,"date":"2015-01-19T00:00:38","date_gmt":"2015-01-19T03:00:38","guid":{"rendered":"http:\/\/notinor.com\/jujuy\/?p=13037"},"modified":"2015-01-19T02:26:56","modified_gmt":"2015-01-19T05:26:56","slug":"las-mil-y-una-noches-en-argentina","status":"publish","type":"post","link":"https:\/\/notinor.com\/jujuy\/las-mil-y-una-noches-en-argentina\/","title":{"rendered":"\u201cLas mil y una noches\u201d en Argentina"},"content":{"rendered":"<p>Berg\u00fczar Korel y Halit Ergenc, los protagonistas de la novela \u201cLas mil y una noches\u201c, tienen planes de visitar la Argentina en las pr\u00f3ximas semanas.<\/p>\n<p>&nbsp;<\/p>\n<p>Seg\u00fan afirm\u00f3 el periodista de espect\u00e1culos \u00c1ngel de Brito en el programa \"Bien de Verano\", los int\u00e9rpretes de Scherezade y Onur en la telenovela turca fueron contactados a trav\u00e9s de sus representantes para visitar el pa\u00eds y tambi\u00e9n Uruguay.<\/p>\n<p>&nbsp;<\/p>\n<p>Se especula con la posibilidad de que\u00a0 Berg\u00fczar y Halit est\u00e9n en el programa de Mirtha Legrand y no se descarta una emisi\u00f3n especial para la novela, que ha cautivado a miles de televidentes.<\/p>\n<p>&nbsp;<\/p>\n<p>Los protagonistas, adem\u00e1s de ser pareja en la ficci\u00f3n, tambi\u00e9n lo son en la realidad. Ambos se casaron al finalizar las grabaciones en Turqu\u00eda y hoy tienen un peque\u00f1o hijo, Al\u00ed, de 4 a\u00f1os.<\/p>\n<p><a href=\"http:\/\/notinor.com\/jujuy\/wp-content\/uploads\/2015\/01\/las-mil-y-una-noches-1.jpg\"><img decoding=\"async\" loading=\"lazy\" class=\"alignnone size-full wp-image-13038\" src=\"http:\/\/notinor.com\/jujuy\/wp-content\/uploads\/2015\/01\/las-mil-y-una-noches-1.jpg\" alt=\"las-mil-y-una-noches (1)\" width=\"900\" height=\"562\" srcset=\"https:\/\/notinor.com\/jujuy\/wp-content\/uploads\/2015\/01\/las-mil-y-una-noches-1.jpg 900w, https:\/\/notinor.com\/jujuy\/wp-content\/uploads\/2015\/01\/las-mil-y-una-noches-1-300x187.jpg 300w\" sizes=\"(max-width: 900px) 100vw, 900px\" \/><\/a><\/p>\n","protected":false},"excerpt":{"rendered":"<p>Berg\u00fczar Korel y Halit Ergenc, los protagonistas de la novela \u201cLas mil y una noches\u201c, tienen planes de visitar la Argentina en las pr\u00f3ximas semanas. &nbsp; Seg\u00fan afirm\u00f3 el periodista de espect\u00e1culos \u00c1ngel de Brito en el programa \"Bien de Verano\", los int\u00e9rpretes de Scherezade y Onur en la telenovela turca fueron contactados a trav\u00e9s [&hellip;]<\/p>\n","protected":false},"author":1,"featured_media":13038,"comment_status":"open","ping_status":"open","sticky":false,"template":"","format":"standard","meta":{"_stopmodifiedupdate":false,"_modified_date":"","inline_featured_image":false,"spay_email":"","jetpack_publicize_message":""},"categories":[21],"tags":[],"jetpack_featured_media_url":"https:\/\/notinor.com\/jujuy\/wp-content\/uploads\/2015\/01\/las-mil-y-una-noches-1.jpg","jetpack_publicize_connections":[],"_links":{"self":[{"href":"https:\/\/notinor.com\/jujuy\/wp-json\/wp\/v2\/posts\/13037"}],"collection":[{"href":"https:\/\/notinor.com\/jujuy\/wp-json\/wp\/v2\/posts"}],"about":[{"href":"https:\/\/notinor.com\/jujuy\/wp-json\/wp\/v2\/types\/post"}],"author":[{"embeddable":true,"href":"https:\/\/notinor.com\/jujuy\/wp-json\/wp\/v2\/users\/1"}],"replies":[{"embeddable":true,"href":"https:\/\/notinor.com\/jujuy\/wp-json\/wp\/v2\/comments?post=13037"}],"version-history":[{"count":1,"href":"https:\/\/notinor.com\/jujuy\/wp-json\/wp\/v2\/posts\/13037\/revisions"}],"predecessor-version":[{"id":13039,"href":"https:\/\/notinor.com\/jujuy\/wp-json\/wp\/v2\/posts\/13037\/revisions\/13039"}],"wp:featuredmedia":[{"embeddable":true,"href":"https:\/\/notinor.com\/jujuy\/wp-json\/wp\/v2\/media\/13038"}],"wp:attachment":[{"href":"https:\/\/notinor.com\/jujuy\/wp-json\/wp\/v2\/media?parent=13037"}],"wp:term":[{"taxonomy":"category","embeddable":true,"href":"https:\/\/notinor.com\/jujuy\/wp-json\/wp\/v2\/categories?post=13037"},{"taxonomy":"post_tag","embeddable":true,"href":"https:\/\/notinor.com\/jujuy\/wp-json\/wp\/v2\/tags?post=13037"}],"curies":[{"name":"wp","href":"https:\/\/api.w.org\/{rel}","templated":true}]}}