{"id":12903,"date":"2015-01-17T23:11:28","date_gmt":"2015-01-18T02:11:28","guid":{"rendered":"http:\/\/notinor.com\/jujuy\/?p=12903"},"modified":"2015-01-18T10:14:30","modified_gmt":"2015-01-18T13:14:30","slug":"la-justicia-no-elimino-el-aumento-lo-suspendio-provisoriamente","status":"publish","type":"post","link":"https:\/\/notinor.com\/jujuy\/la-justicia-no-elimino-el-aumento-lo-suspendio-provisoriamente\/","title":{"rendered":"\"La Justicia no elimin\u00f3 el aumento, lo suspendi\u00f3 provisoriamente\""},"content":{"rendered":"<h3><span style=\"color: #ff0000;\">MARENCO: \u201cLa justicia no elimin\u00f3 el aumento, mand\u00f3<\/span><\/h3>\n<h3><span style=\"color: #ff0000;\">suspender, hasta que se consuma la audiencia p\u00fablica\u201d<\/span><\/h3>\n<h3>Marenco aclar\u00f3 adem\u00e1s la obligatoriedad de la Tarjeta SUBE y evalu\u00f3 los progresos en materia de transporte durante las dos gestiones de Ra\u00fal Jorge, como la \u00a0incorporaron 232 unidades 0km al obsoleto sistema de transporte que heredaron de la anterior gesti\u00f3n municipal, refiri\u00f3.<\/h3>\n<p>En entrevista con NOTINOR.COM, el Secretario de Servicios P\u00fablicos de la Municipalidad de San Salvador de Jujuy, Guillermo Marenco, se refiri\u00f3 a la audiencia p\u00fablica por el aumento del boleto y la resoluci\u00f3n del Ministerio del Interior y Transporte de Naci\u00f3n que exige a los municipios de m\u00e1s de 200 mil habitantes a que implemente el Sistema \u00danico de Boleto Electr\u00f3nico (SUBE).<\/p>\n<p>Con respecto al aumento del boleto y la audiencia p\u00fablica explico <em>\u201clo que tenemos que informar no es que la justicia le dijo no al aumento, lo que hizo fue suspender provisoriamente la aplicaci\u00f3n de la ordenanza que autoriza el incremento de tarifa y est\u00e1 sustentada en el hecho que se cumpla la audiencia p\u00fablica\u201d.<\/em><\/p>\n<p>A su vez ratific\u00f3 el \u00e1nimo conciliador y de apertura al dialogo <em>\u201cel intendente siempre fue conciliador y predispuesta al dialogo, no est\u00e1 acostumbrado al enfrentamiento. Cuando vi\u00f3 como se ven\u00edan suscitando los hechos y entendiendo que es justa la participaci\u00f3n de la gente realiz\u00f3 este decreto para darle participaci\u00f3n a la comunidad\u201d.<\/em><\/p>\n<p>Es por ello es que se ampli\u00f3 el tiempo de presentaci\u00f3n hasta el lunes 19 hasta el mediod\u00eda en la misma dependencia que se ven\u00eda receptando, en la Direcci\u00f3n General de tr\u00e1nsito y transporte, ubicado en calle Espora esq.\u00a0 9 de Julio.<\/p>\n<p>Con relaci\u00f3n a la implementaci\u00f3n del SUBE, aclar\u00f3 que desde el municipio capitalino est\u00e1n de acuerdo con su implementaci\u00f3n en nuestra provincia.<\/p>\n<p>Justific\u00f3 la misma recordando la imposibilidad de conseguir cambio <em>\u201cesto no es culpa de la municipalidad, ni de las empresas de transporte, ni de los choferes, es una realidad que est\u00e1 instalada en el pa\u00eds\u201d <\/em>agreg\u00f3.<\/p>\n<p>En materia de transporte explic\u00f3 \u00a0el progreso y avance que no se ve desde hace a\u00f1os y se visibiliz\u00f3 con la gesti\u00f3n municipal del Intendente Ra\u00fal Jorge. <em>\u201cHace siete a\u00f1os que la ciudad de San Salvador de Jujuy, de la mano del intendente ha generado un cambio muy importante dentro del sistema de transporte de pasajeros de la ciudad. En estas dos gestiones se incorporaron 232 unidades 0km al obsoleto sistema de transporte que heredamos de la anterior gesti\u00f3n municipal que estuvo en manos del partido oficialista\u201d. \u201cEn esa \u00e9poca el promedio de unidades de trasporte era de 17 a\u00f1os de antig\u00fcedad para atr\u00e1s respecto del a\u00f1o vigente, el intendente Jorge ha llegado a que hoy tengamos una antig\u00fcedad promedio de 7 a\u00f1os y si implementamos la licitaci\u00f3n p\u00fablica ser\u00e1 de 3 a\u00f1os\u201d.<\/em><\/p>\n<p>Dentro de la licitaci\u00f3n de transporte se prev\u00e9 la incorporaci\u00f3n de nuevas unidades, el BEGU y contemplar que algunas se encuentren adaptadas para personas con capacidades diferentes <em>\u201cde igual manera ya est\u00e1 funcionando en San Salvador de Jujuy las Unidades Accesibles con valores super accesibles y con servicio de puerta a puerta\u201d <\/em>aclar\u00f3 Marenco.<\/p>\n<p>&nbsp;<\/p>\n","protected":false},"excerpt":{"rendered":"<p>MARENCO: \u201cLa justicia no elimin\u00f3 el aumento, mand\u00f3 suspender, hasta que se consuma la audiencia p\u00fablica\u201d Marenco aclar\u00f3 adem\u00e1s la obligatoriedad de la Tarjeta SUBE y evalu\u00f3 los progresos en materia de transporte durante las dos gestiones de Ra\u00fal Jorge, como la \u00a0incorporaron 232 unidades 0km al obsoleto sistema de transporte que heredaron de la [&hellip;]<\/p>\n","protected":false},"author":1,"featured_media":12904,"comment_status":"open","ping_status":"open","sticky":false,"template":"","format":"standard","meta":{"_stopmodifiedupdate":false,"_modified_date":"","inline_featured_image":false,"spay_email":"","jetpack_publicize_message":""},"categories":[485],"tags":[],"jetpack_featured_media_url":"https:\/\/notinor.com\/jujuy\/wp-content\/uploads\/2015\/01\/Notinor.-guillermo-marenco.png","jetpack_publicize_connections":[],"_links":{"self":[{"href":"https:\/\/notinor.com\/jujuy\/wp-json\/wp\/v2\/posts\/12903"}],"collection":[{"href":"https:\/\/notinor.com\/jujuy\/wp-json\/wp\/v2\/posts"}],"about":[{"href":"https:\/\/notinor.com\/jujuy\/wp-json\/wp\/v2\/types\/post"}],"author":[{"embeddable":true,"href":"https:\/\/notinor.com\/jujuy\/wp-json\/wp\/v2\/users\/1"}],"replies":[{"embeddable":true,"href":"https:\/\/notinor.com\/jujuy\/wp-json\/wp\/v2\/comments?post=12903"}],"version-history":[{"count":2,"href":"https:\/\/notinor.com\/jujuy\/wp-json\/wp\/v2\/posts\/12903\/revisions"}],"predecessor-version":[{"id":12936,"href":"https:\/\/notinor.com\/jujuy\/wp-json\/wp\/v2\/posts\/12903\/revisions\/12936"}],"wp:featuredmedia":[{"embeddable":true,"href":"https:\/\/notinor.com\/jujuy\/wp-json\/wp\/v2\/media\/12904"}],"wp:attachment":[{"href":"https:\/\/notinor.com\/jujuy\/wp-json\/wp\/v2\/media?parent=12903"}],"wp:term":[{"taxonomy":"category","embeddable":true,"href":"https:\/\/notinor.com\/jujuy\/wp-json\/wp\/v2\/categories?post=12903"},{"taxonomy":"post_tag","embeddable":true,"href":"https:\/\/notinor.com\/jujuy\/wp-json\/wp\/v2\/tags?post=12903"}],"curies":[{"name":"wp","href":"https:\/\/api.w.org\/{rel}","templated":true}]}}