{"id":12882,"date":"2015-01-18T00:00:20","date_gmt":"2015-01-18T03:00:20","guid":{"rendered":"http:\/\/notinor.com\/jujuy\/?p=12882"},"modified":"2015-01-17T20:43:03","modified_gmt":"2015-01-17T23:43:03","slug":"llegaron-a-cuba-los-primeros-congresistas-de-eeuu-para-discutir-sobre-el-historico-acuerdo","status":"publish","type":"post","link":"https:\/\/notinor.com\/jujuy\/llegaron-a-cuba-los-primeros-congresistas-de-eeuu-para-discutir-sobre-el-historico-acuerdo\/","title":{"rendered":"Llegaron a Cuba los primeros congresistas de EEUU para discutir sobre el hist\u00f3rico acuerdo"},"content":{"rendered":"<p>Una delegaci\u00f3n de congresistas dem\u00f3cratas de Estados Unidos lleg\u00f3 este s\u00e1bado a Cuba, en la primera visita de legisladores de ese pa\u00eds a la isla desde que se produjo el 17 de diciembre pasado el hist\u00f3rico anuncio del restablecimiento de relaciones entre La Habana y Washington.<\/p>\n<p>El grupo est\u00e1 encabezado por el senador dem\u00f3crata Patrick Leahy, uno de los legisladores m\u00e1s activos en los temas de pol\u00edtica exterior con Cuba.<\/p>\n<p>Leahy, al frente de otro grupo de congresistas, ya visit\u00f3 la isla en febrero de 2013 para, entre otros, pedir la liberaci\u00f3n de Alan Gross, el contratista norteamericano que fue condenado en la isla por \"acciones contra la integridad territorial del Estado\" y que fue liberado y devuelto a Estados Unidos el 17 de diciembre, en virtud de los acuerdos para el restablecimiento de relaciones entre La Habana y Washington.<\/p>\n<p>En aquella visita, estos legisladores fueron recibidos por el presidente cubano Ra\u00fal Castro.<\/p>\n<p>En esta ocasi\u00f3n, los congresistas tienen previsto pulsar tanto las expectativas estadounidenses como las cubanas con respecto al nuevo cambio de pol\u00edtica y ayudar a desarrollar un mensaje concreto sobre lo que ambos pa\u00edses est\u00e1n dispuestos a hacer para lograr una relaci\u00f3n constructiva.<\/p>\n<p>Estos legisladores estar\u00e1n hasta el pr\u00f3ximo lunes en Cuba, donde prev\u00e9n reunirse con funcionarios del Gobierno cubano, con la Secci\u00f3n de Intereses de Estados Unidos en la isla, as\u00ed como con otras legaciones internacionales en suelo cubano, como las de Espa\u00f1a, M\u00e9xico, Noruega y Colombia.<\/p>\n<p>La delegaci\u00f3n, solo compuesta por dem\u00f3cratas, la completan los senadores Richard Durbin (Illinois), Debbie Stabenow (Michigan) y Sheldon Whitehouse (Rhode Island); junto a los representantes Chris Van Hollen (Maryland) y Peter Welch (Vermont).<\/p>\n<p>Esta visita precede a la primera reuni\u00f3n que celebrar\u00e1n la pr\u00f3xima semana en La Habana representantes de los gobiernos de Cuba y Estados Unidos para tratar sobre el restablecimiento de relaciones diplom\u00e1ticas.<\/p>\n<p>La secretaria de Estado para Latinoam\u00e9rica, Roberta Jacobson, liderar\u00e1 la delegaci\u00f3n diplom\u00e1tica estadounidense, que el d\u00eda 21 celebrar\u00e1 con funcionarios de la isla una nueva ronda de di\u00e1logos migratorios.<\/p>\n<p>Ser\u00e1 el jueves 22 cuando ambas partes comenzar\u00e1n a discutir sobre los pasos para la normalizaci\u00f3n de relaciones diplom\u00e1ticas entre dos pa\u00edses que han estado enemistados desde 1961.<\/p>\n<p>La delegaci\u00f3n cubana en esas conversaciones estar\u00e1 encabezada por la directora para Estados Unidos del Ministerio de Relaciones Exteriores (Minrex), Josefina Vidal.<\/p>\n","protected":false},"excerpt":{"rendered":"<p>Una delegaci\u00f3n de congresistas dem\u00f3cratas de Estados Unidos lleg\u00f3 este s\u00e1bado a Cuba, en la primera visita de legisladores de ese pa\u00eds a la isla desde que se produjo el 17 de diciembre pasado el hist\u00f3rico anuncio del restablecimiento de relaciones entre La Habana y Washington. El grupo est\u00e1 encabezado por el senador dem\u00f3crata Patrick [&hellip;]<\/p>\n","protected":false},"author":1,"featured_media":12883,"comment_status":"open","ping_status":"open","sticky":false,"template":"","format":"standard","meta":{"_stopmodifiedupdate":false,"_modified_date":"","inline_featured_image":false,"spay_email":"","jetpack_publicize_message":""},"categories":[6],"tags":[],"jetpack_featured_media_url":"https:\/\/notinor.com\/jujuy\/wp-content\/uploads\/2015\/01\/congresistas-americanos-en-cuba.jpg","jetpack_publicize_connections":[],"_links":{"self":[{"href":"https:\/\/notinor.com\/jujuy\/wp-json\/wp\/v2\/posts\/12882"}],"collection":[{"href":"https:\/\/notinor.com\/jujuy\/wp-json\/wp\/v2\/posts"}],"about":[{"href":"https:\/\/notinor.com\/jujuy\/wp-json\/wp\/v2\/types\/post"}],"author":[{"embeddable":true,"href":"https:\/\/notinor.com\/jujuy\/wp-json\/wp\/v2\/users\/1"}],"replies":[{"embeddable":true,"href":"https:\/\/notinor.com\/jujuy\/wp-json\/wp\/v2\/comments?post=12882"}],"version-history":[{"count":1,"href":"https:\/\/notinor.com\/jujuy\/wp-json\/wp\/v2\/posts\/12882\/revisions"}],"predecessor-version":[{"id":12884,"href":"https:\/\/notinor.com\/jujuy\/wp-json\/wp\/v2\/posts\/12882\/revisions\/12884"}],"wp:featuredmedia":[{"embeddable":true,"href":"https:\/\/notinor.com\/jujuy\/wp-json\/wp\/v2\/media\/12883"}],"wp:attachment":[{"href":"https:\/\/notinor.com\/jujuy\/wp-json\/wp\/v2\/media?parent=12882"}],"wp:term":[{"taxonomy":"category","embeddable":true,"href":"https:\/\/notinor.com\/jujuy\/wp-json\/wp\/v2\/categories?post=12882"},{"taxonomy":"post_tag","embeddable":true,"href":"https:\/\/notinor.com\/jujuy\/wp-json\/wp\/v2\/tags?post=12882"}],"curies":[{"name":"wp","href":"https:\/\/api.w.org\/{rel}","templated":true}]}}