{"id":12861,"date":"2015-01-17T19:55:56","date_gmt":"2015-01-17T22:55:56","guid":{"rendered":"http:\/\/notinor.com\/jujuy\/?p=12861"},"modified":"2015-01-17T19:55:56","modified_gmt":"2015-01-17T22:55:56","slug":"cuantos-competidores-empezaron-y-terminaron-el-dakar","status":"publish","type":"post","link":"https:\/\/notinor.com\/jujuy\/cuantos-competidores-empezaron-y-terminaron-el-dakar\/","title":{"rendered":"\u00bfCu\u00e1ntos competidores empezaron y terminaron el Dakar?"},"content":{"rendered":"<p>Un terreno dif\u00edcil y los cambios clim\u00e1ticos complicaron la competencia; la categor\u00eda de cuatriciclos fue la m\u00e1s afectada<\/p>\n<p>(dpa) - La exigencia del Dakar dej\u00f3 fuera de competencia a casi la mitad de los pilotos que tomaron la salida el 4 de enero en Buenos Aires.<\/p>\n<p>De los 406 veh\u00edculos que partieron desde Buenos Aires para realizar un enorme bucle de unos 9000 kil\u00f3metros por Argentina, Chile y Bolivia, s\u00f3lo 216 llegaron hoy a la meta de la d\u00e9cimo tercera y \u00faltima etapa, que uni\u00f3 la ciudad de Rosario con la capital argentina. Un terreno dif\u00edcil y cambios clim\u00e1ticos complicaron la competencia, que adem\u00e1s se corri\u00f3 a m\u00e1xima velocidad, lo que puso a prueba a m\u00e1quinas y pilotos.<\/p>\n<p>La categor\u00eda autos larg\u00f3 con 137 competidores y culmin\u00f3 con 68 y la victoria del qatar\u00ed Nasser Al Attiyah (Mini). En el camino quedaron desde el defensor del t\u00edtulo, el espa\u00f1ol Nani Roma (Mini), hasta referentes hist\u00f3ricos como el espa\u00f1ol Carlos Sainz, quien integr\u00f3 el nuevo equipo de Peugeot.<\/p>\n<p>La marca francesa regres\u00f3 al Dakar 25 a\u00f1os despu\u00e9s con un equipo de estrellas con Sainz, el legendario ganador del Dakar franc\u00e9s St\u00e9phane Peterhansel y su compatriota Cyril Despr\u00e9s, quien tras ganar cinco veces el m\u00edtico rally en motos decidi\u00f3 debutar en autos.<\/p>\n<p>Con apenas cinco meses de prueba del nuevo Peugeot 2008 DKR, el balance no fue tan malo. \"Cumplimos el primer objetivo de Peugeot, que era terminar la carrera. Llegamos dos de los tres autos y el que abandon\u00f3 no fue por el auto sino por un accidente\", resumi\u00f3 Peterhansel tras cruzar la l\u00ednea de llegada de la \u00faltima especial en la localidad bonaerense de Baradero.<\/p>\n<p>De las 161 motos que largaron hace dos semanas, arribaron 79 tras m\u00faltiples abandonos y la muerte del polaco Michal Hernik en la tercera etapa por deshidrataci\u00f3n.<\/p>\n<p>La categor\u00eda m\u00e1s afectada por los abandonos fue la de cuatriciclos, con s\u00f3lo 18 competidores en la \u00faltima etapa despu\u00e9s de que 45 tomaran la salida desde Buenos Aires, mientras que en la de camiones s\u00f3lo dejaron doce de los 63 que se lanzaron a la carrera.<\/p>\n","protected":false},"excerpt":{"rendered":"<p>Un terreno dif\u00edcil y los cambios clim\u00e1ticos complicaron la competencia; la categor\u00eda de cuatriciclos fue la m\u00e1s afectada (dpa) - La exigencia del Dakar dej\u00f3 fuera de competencia a casi la mitad de los pilotos que tomaron la salida el 4 de enero en Buenos Aires. De los 406 veh\u00edculos que partieron desde Buenos Aires [&hellip;]<\/p>\n","protected":false},"author":1,"featured_media":12862,"comment_status":"open","ping_status":"open","sticky":false,"template":"","format":"standard","meta":{"_stopmodifiedupdate":false,"_modified_date":"","inline_featured_image":false,"spay_email":"","jetpack_publicize_message":""},"categories":[7],"tags":[],"jetpack_featured_media_url":"https:\/\/notinor.com\/jujuy\/wp-content\/uploads\/2015\/01\/dakar21.jpg","jetpack_publicize_connections":[],"_links":{"self":[{"href":"https:\/\/notinor.com\/jujuy\/wp-json\/wp\/v2\/posts\/12861"}],"collection":[{"href":"https:\/\/notinor.com\/jujuy\/wp-json\/wp\/v2\/posts"}],"about":[{"href":"https:\/\/notinor.com\/jujuy\/wp-json\/wp\/v2\/types\/post"}],"author":[{"embeddable":true,"href":"https:\/\/notinor.com\/jujuy\/wp-json\/wp\/v2\/users\/1"}],"replies":[{"embeddable":true,"href":"https:\/\/notinor.com\/jujuy\/wp-json\/wp\/v2\/comments?post=12861"}],"version-history":[{"count":1,"href":"https:\/\/notinor.com\/jujuy\/wp-json\/wp\/v2\/posts\/12861\/revisions"}],"predecessor-version":[{"id":12863,"href":"https:\/\/notinor.com\/jujuy\/wp-json\/wp\/v2\/posts\/12861\/revisions\/12863"}],"wp:featuredmedia":[{"embeddable":true,"href":"https:\/\/notinor.com\/jujuy\/wp-json\/wp\/v2\/media\/12862"}],"wp:attachment":[{"href":"https:\/\/notinor.com\/jujuy\/wp-json\/wp\/v2\/media?parent=12861"}],"wp:term":[{"taxonomy":"category","embeddable":true,"href":"https:\/\/notinor.com\/jujuy\/wp-json\/wp\/v2\/categories?post=12861"},{"taxonomy":"post_tag","embeddable":true,"href":"https:\/\/notinor.com\/jujuy\/wp-json\/wp\/v2\/tags?post=12861"}],"curies":[{"name":"wp","href":"https:\/\/api.w.org\/{rel}","templated":true}]}}