{"id":128176,"date":"2017-07-26T00:01:44","date_gmt":"2017-07-26T03:01:44","guid":{"rendered":"http:\/\/notinor.com\/jujuy\/?p=128176"},"modified":"2017-07-26T14:03:11","modified_gmt":"2017-07-26T17:03:11","slug":"a-65-anos-de-la-muerte-de-eva-peron-huellas-de-un-colosal-monumento-en-su-honor","status":"publish","type":"post","link":"https:\/\/notinor.com\/jujuy\/a-65-anos-de-la-muerte-de-eva-peron-huellas-de-un-colosal-monumento-en-su-honor\/","title":{"rendered":"A 65 a\u00f1os de la muerte de Eva Per\u00f3n: huellas de un colosal monumento en su honor"},"content":{"rendered":"<header class=\"post-title entry-header\">\n<h1 class=\"entry-title\"><\/h1>\n<\/header>\n<div class=\"post-content-container\">\n<div class=\"post-content entry-content cf\">\n<p>El fallecimiento de Eva Duarte de Per\u00f3n convoc\u00f3 a una multitud para despedir sus restos en medio de una fuerte conmoci\u00f3n.<\/p>\n<p><img decoding=\"async\" loading=\"lazy\" class=\"aligncenter size-full wp-image-73340\" src=\"http:\/\/buenavibra.es\/wp-content\/uploads\/2017\/07\/Funeral_de_Evita_opt.jpg\" sizes=\"(max-width: 600px) 100vw, 600px\" srcset=\"http:\/\/buenavibra.es\/wp-content\/uploads\/2017\/07\/Funeral_de_Evita_opt.jpg 600w, http:\/\/buenavibra.es\/wp-content\/uploads\/2017\/07\/Funeral_de_Evita_opt-300x203.jpg 300w, http:\/\/buenavibra.es\/wp-content\/uploads\/2017\/07\/Funeral_de_Evita_opt-30x20.jpg 30w\" alt=\"\" width=\"600\" height=\"406\" \/><\/p>\n<p>El 26 de julio de 1952, pasadas las 21.30, un comunicado por cadena dar\u00eda inicio al velatorio que se extendi\u00f3 por m\u00e1s de 15 d\u00edas. El comunicado dec\u00eda:<\/p>\n<blockquote><p>\u201cCumple la Secretar\u00eda de Informaciones de la Presidencia de la Naci\u00f3n el penos\u00edsimo deber de informar al pueblo de la Rep\u00fablica que a las 20.25 horas ha fallecido la Se\u00f1ora Eva Per\u00f3n, Jefa Espiritual de la Naci\u00f3n. Los restos de la Se\u00f1ora Eva Per\u00f3n ser\u00e1n conducidos ma\u00f1ana, al Ministerio de Trabajo y Previsi\u00f3n, donde se instalar\u00e1 la capilla ardiente\u201d<\/p><\/blockquote>\n<p>\u201cEvita\u201d, mujer del ex presidente Juan Domingo Per\u00f3n, falleci\u00f3 con apenas 33 a\u00f1os, v\u00edctima de un c\u00e1ncer de \u00fatero.<\/p>\n<p><img decoding=\"async\" loading=\"lazy\" class=\"aligncenter size-full wp-image-73344\" src=\"http:\/\/buenavibra.es\/wp-content\/uploads\/2017\/07\/la-muerte-de-evita.gif\" alt=\"\" width=\"360\" height=\"484\" \/>Nacida en 1919, pas\u00f3 su infancia en Los Toldos en el seno de una familia humilde. Tras mudarse a Jun\u00edn, comenz\u00f3 a mostrar su vocaci\u00f3n art\u00edstica y siendo adolescente, migr\u00f3 a Buenos Aires.<\/p>\n<p>Su vida dio un vuelco en 1944, cuando conoci\u00f3 a Juan Domingo Per\u00f3n, en un acto realizado en el estadio Luna Park por la Secretar\u00eda de Trabajo y Previsi\u00f3n. A su lado vivi\u00f3 las intensas jornadas de octubre de 1945 para luego tener una participaci\u00f3n activa en la campa\u00f1a de 1946, que llevar\u00eda a su marido a la presidencia.<\/p>\n<p>Con Per\u00f3n en la Casa Rosada, Evita despeg\u00f3 su carrera pol\u00edtica. D\u00edas despu\u00e9s del triunfo de Per\u00f3n, pronunci\u00f3 su primer discurso pol\u00edtico en un acto en el que comenz\u00f3 a exigir el sufragio femenino, un derecho que se conquistar\u00eda poco despu\u00e9s.<\/p>\n<p><img decoding=\"async\" loading=\"lazy\" class=\"aligncenter size-full wp-image-73339\" src=\"http:\/\/buenavibra.es\/wp-content\/uploads\/2017\/07\/Evita-discurso-multitud-mujeres-trabajadoras_opt.jpg\" sizes=\"(max-width: 600px) 100vw, 600px\" srcset=\"http:\/\/buenavibra.es\/wp-content\/uploads\/2017\/07\/Evita-discurso-multitud-mujeres-trabajadoras_opt.jpg 600w, http:\/\/buenavibra.es\/wp-content\/uploads\/2017\/07\/Evita-discurso-multitud-mujeres-trabajadoras_opt-300x169.jpg 300w, http:\/\/buenavibra.es\/wp-content\/uploads\/2017\/07\/Evita-discurso-multitud-mujeres-trabajadoras_opt-30x17.jpg 30w\" alt=\"\" width=\"600\" height=\"338\" \/><\/p>\n<p>A comienzos de 1950, su enfermedad empez\u00f3 a hacerse visible y meses antes de su muerte, cuando los adeptos al peronismo exig\u00edan que se pronunciara sobre la posibilidad de ser vicepresidenta, lleg\u00f3 el momento que fue conocido como \u201cel d\u00eda del renunciamiento\u201d.<\/p>\n<p><img decoding=\"async\" loading=\"lazy\" class=\"aligncenter size-full wp-image-73338\" src=\"http:\/\/buenavibra.es\/wp-content\/uploads\/2017\/07\/eva_peron_se_despide_1951_copia_opt.jpg\" sizes=\"(max-width: 943px) 100vw, 943px\" srcset=\"http:\/\/buenavibra.es\/wp-content\/uploads\/2017\/07\/eva_peron_se_despide_1951_copia_opt.jpg 943w, http:\/\/buenavibra.es\/wp-content\/uploads\/2017\/07\/eva_peron_se_despide_1951_copia_opt-300x206.jpg 300w, http:\/\/buenavibra.es\/wp-content\/uploads\/2017\/07\/eva_peron_se_despide_1951_copia_opt-768x529.jpg 768w, http:\/\/buenavibra.es\/wp-content\/uploads\/2017\/07\/eva_peron_se_despide_1951_copia_opt-30x21.jpg 30w, http:\/\/buenavibra.es\/wp-content\/uploads\/2017\/07\/eva_peron_se_despide_1951_copia_opt-600x413.jpg 600w\" alt=\"\" width=\"943\" height=\"649\" \/><\/p>\n<p>El 31 de agosto de 1951, a las ocho y media de la noche, en un breve discurso pregrabado, Eva Per\u00f3n anunci\u00f3 su \u201cirrevocable y definitiva\u201d decisi\u00f3n de declinar a la candidatura.<\/p>\n<p>En un museo de San Telmo, en el puerto de Mar del Plata y en la hist\u00f3rica Quinta de San Vicente, sobreviven vestigios de un frustrado Mausoleo a Eva Per\u00f3n, un gigantesco complejo escult\u00f3rico cuya altura hubiera duplicado la del Obelisco, con una base superior a la de la cancha de River, ideado en memoria de la \u201cl\u00edder de los descamisados\u201d, de quien el pr\u00f3ximo mi\u00e9rcoles se cumplen 65 a\u00f1os de su muerte.<\/p>\n<\/div>\n<\/div>\n","protected":false},"excerpt":{"rendered":"<p>El fallecimiento de Eva Duarte de Per\u00f3n convoc\u00f3 a una multitud para despedir sus restos en medio de una fuerte conmoci\u00f3n. El 26 de julio de 1952, pasadas las 21.30, un comunicado por cadena dar\u00eda inicio al velatorio que se extendi\u00f3 por m\u00e1s de 15 d\u00edas. El comunicado dec\u00eda: \u201cCumple la Secretar\u00eda de Informaciones de [&hellip;]<\/p>\n","protected":false},"author":1,"featured_media":128179,"comment_status":"open","ping_status":"open","sticky":false,"template":"","format":"standard","meta":{"_stopmodifiedupdate":false,"_modified_date":"","inline_featured_image":false,"spay_email":"","jetpack_publicize_message":""},"categories":[493],"tags":[],"jetpack_featured_media_url":"https:\/\/notinor.com\/jujuy\/wp-content\/uploads\/2017\/07\/eva-peron_opt-e1501008752848.jpg","jetpack_publicize_connections":[],"_links":{"self":[{"href":"https:\/\/notinor.com\/jujuy\/wp-json\/wp\/v2\/posts\/128176"}],"collection":[{"href":"https:\/\/notinor.com\/jujuy\/wp-json\/wp\/v2\/posts"}],"about":[{"href":"https:\/\/notinor.com\/jujuy\/wp-json\/wp\/v2\/types\/post"}],"author":[{"embeddable":true,"href":"https:\/\/notinor.com\/jujuy\/wp-json\/wp\/v2\/users\/1"}],"replies":[{"embeddable":true,"href":"https:\/\/notinor.com\/jujuy\/wp-json\/wp\/v2\/comments?post=128176"}],"version-history":[{"count":2,"href":"https:\/\/notinor.com\/jujuy\/wp-json\/wp\/v2\/posts\/128176\/revisions"}],"predecessor-version":[{"id":128355,"href":"https:\/\/notinor.com\/jujuy\/wp-json\/wp\/v2\/posts\/128176\/revisions\/128355"}],"wp:featuredmedia":[{"embeddable":true,"href":"https:\/\/notinor.com\/jujuy\/wp-json\/wp\/v2\/media\/128179"}],"wp:attachment":[{"href":"https:\/\/notinor.com\/jujuy\/wp-json\/wp\/v2\/media?parent=128176"}],"wp:term":[{"taxonomy":"category","embeddable":true,"href":"https:\/\/notinor.com\/jujuy\/wp-json\/wp\/v2\/categories?post=128176"},{"taxonomy":"post_tag","embeddable":true,"href":"https:\/\/notinor.com\/jujuy\/wp-json\/wp\/v2\/tags?post=128176"}],"curies":[{"name":"wp","href":"https:\/\/api.w.org\/{rel}","templated":true}]}}