{"id":128140,"date":"2017-07-25T14:26:41","date_gmt":"2017-07-25T17:26:41","guid":{"rendered":"http:\/\/notinor.com\/jujuy\/?p=128140"},"modified":"2017-07-25T14:27:27","modified_gmt":"2017-07-25T17:27:27","slug":"fr1pais-sadir-con-sergio-y-pedro-vamos-a-logar-grandes-posibilidades-de-desarrollo-productivo-en-tumbaya","status":"publish","type":"post","link":"https:\/\/notinor.com\/jujuy\/fr1pais-sadir-con-sergio-y-pedro-vamos-a-logar-grandes-posibilidades-de-desarrollo-productivo-en-tumbaya\/","title":{"rendered":"FR1Pa\u00cds- Sadir: \"Con Sergio y Pedro vamos a logar grandes posibilidades de desarrollo productivo en Tumbaya\""},"content":{"rendered":"<p>El pre candidato a Senador Nacional, Ignacio Sadir, por el Frente Renovador, lista 501, junto al vicegobernador de la Provincia, Carlos Haquim, visitaron la ciudad de Tumbaya, para participar de la fiesta Santa Anita.<\/p>\n<p>&nbsp;<\/p>\n<p><a href=\"http:\/\/notinor.com\/jujuy\/wp-content\/uploads\/2017\/07\/Tumbaya-61-e1501002235812.jpg\"><img decoding=\"async\" loading=\"lazy\" class=\"alignnone size-full wp-image-128142\" src=\"http:\/\/notinor.com\/jujuy\/wp-content\/uploads\/2017\/07\/Tumbaya-61-e1501002235812.jpg\" alt=\"Tumbaya (61)\" width=\"928\" height=\"696\" \/><\/a><\/p>\n<p>En la oportunidad, los pobladores de Tumbaya y el Comisionado Municipal, Hugo Maman\u00ed, dieron una c\u00e1lida bienvenida a los referentes del Frente Renovador lista Renovaci\u00f3n, quienes pudieron disfrutar de una tarde soleada junto a los productores, vecinos del lugar y turistas. Fueron 40 productores, artesanos y trabajadores del rubro gastron\u00f3mico que desarrollaron esta \"rep\u00fablica de Santa Anita\".<\/p>\n<p>Ignacio Sadir sostuvo que \"hace muchos a\u00f1os venimos trabajamos para el cuidado ambiental y paisaj\u00edstica de esta hermosa Quebrada, y lo vamos a continuar haciendo con Sergio Massa, Pedro Segura el Congreso de la Naci\u00f3n, porque este lugar no s\u00f3lo es un patrimonio de los juje\u00f1os, sino que adem\u00e1s, es el monumento que nos puede dar una salida productiva sana a trav\u00e9s del turismo, para que la gente con sus ideas y proyectos y acci\u00f3n concreta, pueda desarrollar actividades que le brinden una mejor calidad de vida\".<\/p>\n<p>El precandidato a senador, remarc\u00f3 el valor e importancia de las econom\u00edas regionales, de las actividades productivas que desarrollan y pueden realizar los juje\u00f1os en cada uno de sus lugares. Se refiri\u00f3 al Proyecto de Ley para Econom\u00edas Regionales presentado por Sergio Massa, recordando el reclamo que realiz\u00f3 el l\u00edder del Frente Renovador, al denunciar que hoy lamentablemente la producci\u00f3n nacional y el desarrollo de las econom\u00edas regionales no est\u00e1n dentro de la agenda de prioridades del Gobierno. Dijo que hace falta trabajar en una pol\u00edtica integral, para desarrollar las distintas regiones del pa\u00eds y sus producciones.\u00a0<a href=\"http:\/\/notinor.com\/jujuy\/wp-content\/uploads\/2017\/07\/Tumbaya-14-e1501002401462.jpg\"><img decoding=\"async\" loading=\"lazy\" class=\"alignnone size-full wp-image-128144\" src=\"http:\/\/notinor.com\/jujuy\/wp-content\/uploads\/2017\/07\/Tumbaya-14-e1501002401462.jpg\" alt=\"Tumbaya (14)\" width=\"928\" height=\"696\" \/><\/a><\/p>\n<p>Ignacio Sadir alent\u00f3 a los pobladores de Tumbaya a seguir trabajando \"con estas peque\u00f1as actividades productivas que podemos desarrollar los juje\u00f1os y lograr nosotros desde lo mejor que nos da nuestra tierra, la calidad de vida que nos merecemos, y que se merecen nuestras familias\".<\/p>\n<p>Asegur\u00f3 que \"vamos a llevar al Senado de la Naci\u00f3n ideas, proyectos y acci\u00f3n concreta para los juje\u00f1os. Son ellas las que nos llevar\u00e1n hacia un mejor porvenir. Los felicito y exhorto a seguir trabajando en este sentido, y les agradezco por abrirme las puertas de esta hermosa Tumbaya\".<a href=\"http:\/\/notinor.com\/jujuy\/wp-content\/uploads\/2017\/07\/Tumbaya-72-e1501002103858.jpg\"><img decoding=\"async\" loading=\"lazy\" class=\"alignnone size-full wp-image-128141\" src=\"http:\/\/notinor.com\/jujuy\/wp-content\/uploads\/2017\/07\/Tumbaya-72-e1501002103858.jpg\" alt=\"Tumbaya (72)\" width=\"928\" height=\"696\" \/><\/a><\/p>\n<p>Finalmente, el Comisionado Maman\u00ed, record\u00f3 a los presentes la labor que desarrolla cada a\u00f1o el precandidato a senador nacional, Ignacio Sadir, como presidente de la Uni\u00f3n Empresarios, al coordinar acciones de cuidado ambiental en la subida al santuario de la Virgen de Punta Corral.<\/p>\n<p>Dijo que \"sin conocernos nos invit\u00f3 hace unos a\u00f1os a trabajar para que haya menos contaminaci\u00f3n ambiental en el camino de la peregrinaci\u00f3n a la Virgen de Punta Corral, y as\u00ed con Pedro Segura, quien es su compa\u00f1ero de f\u00f3rmula en la lista 501, y otros amigos del sector empresarial, empezaron a trabajar para que la gente traiga sus residuos de los senderos que conducen al Santuario, y desde ese entonces todos los a\u00f1os realizan esa importante acci\u00f3n\".<\/p>\n<p>&nbsp;<\/p>\n","protected":false},"excerpt":{"rendered":"<p>El pre candidato a Senador Nacional, Ignacio Sadir, por el Frente Renovador, lista 501, junto al vicegobernador de la Provincia, Carlos Haquim, visitaron la ciudad de Tumbaya, para participar de la fiesta Santa Anita. &nbsp; En la oportunidad, los pobladores de Tumbaya y el Comisionado Municipal, Hugo Maman\u00ed, dieron una c\u00e1lida bienvenida a los referentes [&hellip;]<\/p>\n","protected":false},"author":1,"featured_media":128143,"comment_status":"open","ping_status":"open","sticky":false,"template":"","format":"standard","meta":{"_stopmodifiedupdate":false,"_modified_date":"","inline_featured_image":false},"categories":[2,501],"tags":[],"jetpack_featured_media_url":"https:\/\/notinor.com\/jujuy\/wp-content\/uploads\/2017\/07\/Tumbaya-32-e1501002253118.jpg","_links":{"self":[{"href":"https:\/\/notinor.com\/jujuy\/wp-json\/wp\/v2\/posts\/128140"}],"collection":[{"href":"https:\/\/notinor.com\/jujuy\/wp-json\/wp\/v2\/posts"}],"about":[{"href":"https:\/\/notinor.com\/jujuy\/wp-json\/wp\/v2\/types\/post"}],"author":[{"embeddable":true,"href":"https:\/\/notinor.com\/jujuy\/wp-json\/wp\/v2\/users\/1"}],"replies":[{"embeddable":true,"href":"https:\/\/notinor.com\/jujuy\/wp-json\/wp\/v2\/comments?post=128140"}],"version-history":[{"count":5,"href":"https:\/\/notinor.com\/jujuy\/wp-json\/wp\/v2\/posts\/128140\/revisions"}],"predecessor-version":[{"id":128154,"href":"https:\/\/notinor.com\/jujuy\/wp-json\/wp\/v2\/posts\/128140\/revisions\/128154"}],"wp:featuredmedia":[{"embeddable":true,"href":"https:\/\/notinor.com\/jujuy\/wp-json\/wp\/v2\/media\/128143"}],"wp:attachment":[{"href":"https:\/\/notinor.com\/jujuy\/wp-json\/wp\/v2\/media?parent=128140"}],"wp:term":[{"taxonomy":"category","embeddable":true,"href":"https:\/\/notinor.com\/jujuy\/wp-json\/wp\/v2\/categories?post=128140"},{"taxonomy":"post_tag","embeddable":true,"href":"https:\/\/notinor.com\/jujuy\/wp-json\/wp\/v2\/tags?post=128140"}],"curies":[{"name":"wp","href":"https:\/\/api.w.org\/{rel}","templated":true}]}}