{"id":128133,"date":"2017-07-25T14:49:51","date_gmt":"2017-07-25T17:49:51","guid":{"rendered":"http:\/\/notinor.com\/jujuy\/?p=128133"},"modified":"2017-07-25T14:50:04","modified_gmt":"2017-07-25T17:50:04","slug":"carlos-haquim-los-candidatos-que-vuelven-a-presentarse-consolidan-el-espacio-de-verguenza-politica","status":"publish","type":"post","link":"https:\/\/notinor.com\/jujuy\/carlos-haquim-los-candidatos-que-vuelven-a-presentarse-consolidan-el-espacio-de-verguenza-politica\/","title":{"rendered":"Carlos Haquim: \"Los candidatos que vuelven a presentarse consolidan el espacio de verg\u00fcenza pol\u00edtica\""},"content":{"rendered":"<p>Durante la ma\u00f1a de hoy se realizo uno de los tradicionales desayunos del Vicegobernador de la provincia Carlos Haquim con el fin de tratar varios<\/p>\n<p><a href=\"http:\/\/notinor.com\/jujuy\/wp-content\/uploads\/2017\/07\/WhatsApp-Image-2017-07-25-at-12.21.16-e1501001627426.jpeg\"><img decoding=\"async\" loading=\"lazy\" class=\"alignnone size-full wp-image-128136\" src=\"http:\/\/notinor.com\/jujuy\/wp-content\/uploads\/2017\/07\/WhatsApp-Image-2017-07-25-at-12.21.16-e1501001627426.jpeg\" alt=\"Carlos Haquim\" width=\"932\" height=\"525\" \/><\/a><\/p>\n<p>&nbsp;<\/p>\n<p><strong>NOTINOR.COM<\/strong> estuvo presente en la conferencia del Contador Carlos Haquim, quien resalt\u00f3 las aristas \u00a0que posee este a\u00f1o la campa\u00f1a.<\/p>\n<p>En primer lugar, el vicegobernador de la Provincia de Jujuy refiri\u00f3 acerca de los representantes de las listas que poseen causas penales; \u201cme parece grave, en estos d\u00edas se pidi\u00f3 la elevaci\u00f3n a juicio del intendente de Perico, que aparece vinculado a la lista de Guillermito Snopeck, es decir, que si va a ser primer diputado en la lista; hay un tipo que est\u00e1 denunciado por la justicia de haber cometido fraude contra la administraci\u00f3n p\u00fablica; y, otro ex intendente de La Quiaca a quien tambi\u00e9n se le han juntado las causas; y, otro comisionado como de Yala, que tambi\u00e9n est\u00e1 en el proceso de juicio. Hoy hay que agradecer que la justicia independiente est\u00e1 funcionando y avanzando con su tiempo en los casos que\u00a0a los juje\u00f1os, la verdad, que nos interesa se aclaren\".<\/p>\n<p>Continuando, coment\u00f3 c\u00f3mo ve el panorama para estas elecciones, \u201cla opini\u00f3n, la sensaci\u00f3n de la gente y lo que realmente uno recoge es el pensamiento de que hay quienes han sido responsables de la devaluaci\u00f3n de la provincia y pareciera ser que no solamente no han hecho el an\u00e1lisis de lo que pas\u00f3, ya que siguen en un esquema con la misma impunidad la misma soberbia, candidatos que vuelven a presentarse consolidan el espacio de verg\u00fcenza pol\u00edtica porque estuvieron durante a\u00f1os haciendo negocios colgados de la falda de Cristina Kirchner, militando en el Camporismo, militando en el Fellnerimo; y hoy ocultan y niegan su referencia nacional, entonces la sensaci\u00f3n que le va quedando la gente es de que es una espacio agotado de la pol\u00edtica. Como dec\u00edamos ya hace tiempo tendr\u00edan que haberse retirado un poco a disfrutar de haber usurpado el Partido Justicialista\u201d.<\/p>\n<blockquote><p>&nbsp;<\/p>\n<p>\"Hace tiempo tendr\u00edan que haberse retirado un poco a disfrutar de haber usurpado el Partido Justicialista\".<\/p><\/blockquote>\n<p>&nbsp;<\/p>\n<p>Finalmente \u00a0cerr\u00f3 la conferencia comentando sobre una posible visitita de Sergio Massa a la provincia, \u201cla verdad que estamos tratando de hacer un esfuerzo pero tambi\u00e9n hay que reconocer que no es s\u00f3lo Jujuy, el Massismo est\u00e1 todas las provincias. Le pedimos a Sergio que venga y si tuviera que salir al interior, tendr\u00eda que abandonar la campa\u00f1a en la provincia de Buenos Aires y eso nos dificulta. De todas maneras \u00e9l est\u00e1 permanente y constante apoyo al sector al Frente Renovador en su conjunto, nos sentimos acompa\u00f1ados y nos sentimos orgullosos de poder estar dentro de lo que es el Peronismo, y sobre todo el Renovador de poder tener una referencia Nacional de un dirigente Nacional que se ha posicionado en el centro de la pol\u00edtica que nos representa en esto, venimos de un Peronismo Renovado Nuevo\".<\/p>\n","protected":false},"excerpt":{"rendered":"<p>Durante la ma\u00f1a de hoy se realizo uno de los tradicionales desayunos del Vicegobernador de la provincia Carlos Haquim con el fin de tratar varios &nbsp; NOTINOR.COM estuvo presente en la conferencia del Contador Carlos Haquim, quien resalt\u00f3 las aristas \u00a0que posee este a\u00f1o la campa\u00f1a. En primer lugar, el vicegobernador de la Provincia de [&hellip;]<\/p>\n","protected":false},"author":1,"featured_media":128136,"comment_status":"open","ping_status":"open","sticky":false,"template":"","format":"standard","meta":{"_stopmodifiedupdate":false,"_modified_date":"","inline_featured_image":false},"categories":[493],"tags":[],"jetpack_featured_media_url":"https:\/\/notinor.com\/jujuy\/wp-content\/uploads\/2017\/07\/WhatsApp-Image-2017-07-25-at-12.21.16-e1501001627426.jpeg","_links":{"self":[{"href":"https:\/\/notinor.com\/jujuy\/wp-json\/wp\/v2\/posts\/128133"}],"collection":[{"href":"https:\/\/notinor.com\/jujuy\/wp-json\/wp\/v2\/posts"}],"about":[{"href":"https:\/\/notinor.com\/jujuy\/wp-json\/wp\/v2\/types\/post"}],"author":[{"embeddable":true,"href":"https:\/\/notinor.com\/jujuy\/wp-json\/wp\/v2\/users\/1"}],"replies":[{"embeddable":true,"href":"https:\/\/notinor.com\/jujuy\/wp-json\/wp\/v2\/comments?post=128133"}],"version-history":[{"count":6,"href":"https:\/\/notinor.com\/jujuy\/wp-json\/wp\/v2\/posts\/128133\/revisions"}],"predecessor-version":[{"id":128157,"href":"https:\/\/notinor.com\/jujuy\/wp-json\/wp\/v2\/posts\/128133\/revisions\/128157"}],"wp:featuredmedia":[{"embeddable":true,"href":"https:\/\/notinor.com\/jujuy\/wp-json\/wp\/v2\/media\/128136"}],"wp:attachment":[{"href":"https:\/\/notinor.com\/jujuy\/wp-json\/wp\/v2\/media?parent=128133"}],"wp:term":[{"taxonomy":"category","embeddable":true,"href":"https:\/\/notinor.com\/jujuy\/wp-json\/wp\/v2\/categories?post=128133"},{"taxonomy":"post_tag","embeddable":true,"href":"https:\/\/notinor.com\/jujuy\/wp-json\/wp\/v2\/tags?post=128133"}],"curies":[{"name":"wp","href":"https:\/\/api.w.org\/{rel}","templated":true}]}}