{"id":12784,"date":"2015-01-17T03:03:24","date_gmt":"2015-01-17T06:03:24","guid":{"rendered":"http:\/\/notinor.com\/jujuy\/?p=12784"},"modified":"2015-01-17T03:03:24","modified_gmt":"2015-01-17T06:03:24","slug":"hoy-inicia-el-tropi-huancar","status":"publish","type":"post","link":"https:\/\/notinor.com\/jujuy\/hoy-inicia-el-tropi-huancar\/","title":{"rendered":"Hoy inicia el Tropi- Huancar"},"content":{"rendered":"<p>Con una variada e interesante propuesta que se va a extender hasta el mes de febrero, en adhesi\u00f3n a la XXXIX Edici\u00f3n del Festival Folcl\u00f3rico del Huancar.<\/p>\n<p>&nbsp;<\/p>\n<p>En tanto, el Intendente Ariel Machaca sostuvo que apuntan a que \u201cno solo Abra Pampa sea conocida por el tradicional festival, sino por un conjunto de actividades que tienen que ver con el turismo, con sus atractivos y el movimiento econ\u00f3mico de la regi\u00f3n, donde el beneficiado no sea solo la gente del lugar sino tambi\u00e9n los turistas\u201d.<\/p>\n<p>&nbsp;<\/p>\n<p>Respecto a la programaci\u00f3n del Verano Huancare\u00f1o dijo que se inici\u00f3 el 4 de enero con la conmemoraci\u00f3n de la Batalla de Quera, que se realiz\u00f3 en el abra de las Cuatro Almas, contando con la participaci\u00f3n de las comisiones municipales de la regi\u00f3n, de las comunidades abor\u00edgenes y centros gauchos.<\/p>\n<p>&nbsp;<\/p>\n<p><strong>Programa<\/strong><\/p>\n<p>&nbsp;<\/p>\n<p>De acuerdo al programa de actividades, el s\u00e1bado 17 de enero se realizar\u00e1 el \u201cTropi- Huancar\u201d y el domingo 18 el \u201cFestival de Disc Jockey\u201d.<\/p>\n<p>&nbsp;<\/p>\n<p>Del lunes 19 al jueves 22 se realizar\u00e1 la exposici\u00f3n de artesanos, charlas, l\u00ednea de tiempo del Festival, museo de trajes del Carnaval, muestra de obras art\u00edsticas y espect\u00e1culos folcl\u00f3ricos.<\/p>\n<p>&nbsp;<\/p>\n<p>Continuar\u00e1 el 23 con la apertura de la primera noche festivalera en su XXXIX Edici\u00f3n; para el 24 est\u00e1 programada la actuaci\u00f3n estelar de Los Nocheros y el 25 se cerrar\u00e1 el festival con otros n\u00fameros folcl\u00f3ricos.<\/p>\n<p>&nbsp;<\/p>\n<p>El 1\u00ba de febrero en el cerro del Huancar se llevar\u00e1 a cabo el Huancar Rock; el s\u00e1bado\u00a0 7\u00a0 el Festival del Cordero en Pozuelos, el jueves 12 topamiento de comadres, el viernes 13 Encuentro de la Copla y el Contrapunto, el s\u00e1bado 14 Desentierro y recepci\u00f3n de las comparsas y el domingo 15 se llevar\u00e1 a cabo el tradicional corso de Abra Pampa, concluyendo as\u00ed Verano Huancare\u00f1o.<\/p>\n","protected":false},"excerpt":{"rendered":"<p>Con una variada e interesante propuesta que se va a extender hasta el mes de febrero, en adhesi\u00f3n a la XXXIX Edici\u00f3n del Festival Folcl\u00f3rico del Huancar. &nbsp; En tanto, el Intendente Ariel Machaca sostuvo que apuntan a que \u201cno solo Abra Pampa sea conocida por el tradicional festival, sino por un conjunto de actividades [&hellip;]<\/p>\n","protected":false},"author":1,"featured_media":12785,"comment_status":"open","ping_status":"open","sticky":false,"template":"","format":"standard","meta":{"_stopmodifiedupdate":false,"_modified_date":"","inline_featured_image":false,"spay_email":"","jetpack_publicize_message":""},"categories":[21],"tags":[],"jetpack_featured_media_url":"https:\/\/notinor.com\/jujuy\/wp-content\/uploads\/2015\/01\/huancar.jpg","jetpack_publicize_connections":[],"_links":{"self":[{"href":"https:\/\/notinor.com\/jujuy\/wp-json\/wp\/v2\/posts\/12784"}],"collection":[{"href":"https:\/\/notinor.com\/jujuy\/wp-json\/wp\/v2\/posts"}],"about":[{"href":"https:\/\/notinor.com\/jujuy\/wp-json\/wp\/v2\/types\/post"}],"author":[{"embeddable":true,"href":"https:\/\/notinor.com\/jujuy\/wp-json\/wp\/v2\/users\/1"}],"replies":[{"embeddable":true,"href":"https:\/\/notinor.com\/jujuy\/wp-json\/wp\/v2\/comments?post=12784"}],"version-history":[{"count":1,"href":"https:\/\/notinor.com\/jujuy\/wp-json\/wp\/v2\/posts\/12784\/revisions"}],"predecessor-version":[{"id":12786,"href":"https:\/\/notinor.com\/jujuy\/wp-json\/wp\/v2\/posts\/12784\/revisions\/12786"}],"wp:featuredmedia":[{"embeddable":true,"href":"https:\/\/notinor.com\/jujuy\/wp-json\/wp\/v2\/media\/12785"}],"wp:attachment":[{"href":"https:\/\/notinor.com\/jujuy\/wp-json\/wp\/v2\/media?parent=12784"}],"wp:term":[{"taxonomy":"category","embeddable":true,"href":"https:\/\/notinor.com\/jujuy\/wp-json\/wp\/v2\/categories?post=12784"},{"taxonomy":"post_tag","embeddable":true,"href":"https:\/\/notinor.com\/jujuy\/wp-json\/wp\/v2\/tags?post=12784"}],"curies":[{"name":"wp","href":"https:\/\/api.w.org\/{rel}","templated":true}]}}