{"id":126730,"date":"2017-07-18T00:16:20","date_gmt":"2017-07-18T03:16:20","guid":{"rendered":"http:\/\/notinor.com\/jujuy\/?p=126730"},"modified":"2017-07-17T20:29:08","modified_gmt":"2017-07-17T23:29:08","slug":"brote-epidemico-de-leishmanihasis14-infectados-en-el-ramal","status":"publish","type":"post","link":"https:\/\/notinor.com\/jujuy\/brote-epidemico-de-leishmanihasis14-infectados-en-el-ramal\/","title":{"rendered":"Brote Epid\u00e9mico de Leishmaniasis,14 infectados en el Ramal"},"content":{"rendered":"<p>&nbsp;<\/p>\n<p>NOTINOR.COM dialog\u00f3 con Ana Vivanco, Directora del Hospital \"San Miguel\" de Yuto, quien coment\u00f3 la alarmante situaci\u00f3n que esta viviendo esta zona.<\/p>\n<p>La encargada del nosocomio de Yuto asegur\u00f3 que \u201cdesde el lunes a la tarde se han aumentado 7 casos m\u00e1s, estamos hablando brote epid\u00e9mico de leishmaniasis. Todo los a\u00f1os se registran casos, es m\u00e1s durante todo el a\u00f1o se pueden dar casos de leishmaniasis pero siempre son m\u00e1ximo tres anuales, desde las semanas epidemiol\u00f3gicas del 27 y 28 (junio) ya se han presentado 14 casos a lo que va de este mes\u201d.<a href=\"http:\/\/notinor.com\/jujuy\/wp-content\/uploads\/2017\/07\/leishmaniasis1.jpg3_.jpg\"><img decoding=\"async\" loading=\"lazy\" class=\"size-full wp-image-126744 aligncenter\" src=\"http:\/\/notinor.com\/jujuy\/wp-content\/uploads\/2017\/07\/leishmaniasis1.jpg3_.jpg\" alt=\"leishmaniasis1.jpg3\" width=\"728\" height=\"419\" srcset=\"https:\/\/notinor.com\/jujuy\/wp-content\/uploads\/2017\/07\/leishmaniasis1.jpg3_.jpg 728w, https:\/\/notinor.com\/jujuy\/wp-content\/uploads\/2017\/07\/leishmaniasis1.jpg3_-300x173.jpg 300w\" sizes=\"(max-width: 728px) 100vw, 728px\" \/><\/a><\/p>\n<p>Asimismo coment\u00f3 que el rango et\u00e1reo va desde los 10 a los 65 a\u00f1os, y que por el clima de la zona y el tipo de flora que posee. \"Siempre es el mismo corredor que va desde Burundel a Fraile pintado, es un corredor con Zonas muy boscosas la gente vive en el perimonte y trabaja en zona rural\".<\/p>\n<p><a href=\"http:\/\/notinor.com\/jujuy\/wp-content\/uploads\/2017\/07\/yuto.png\"><img decoding=\"async\" loading=\"lazy\" class=\"size-full wp-image-126739 aligncenter\" src=\"http:\/\/notinor.com\/jujuy\/wp-content\/uploads\/2017\/07\/yuto.png\" alt=\"yuto\" width=\"723\" height=\"339\" srcset=\"https:\/\/notinor.com\/jujuy\/wp-content\/uploads\/2017\/07\/yuto.png 723w, https:\/\/notinor.com\/jujuy\/wp-content\/uploads\/2017\/07\/yuto-300x141.png 300w\" sizes=\"(max-width: 723px) 100vw, 723px\" \/><\/a><\/p>\n<p>La leishmaniasis no se contagia de persona a persona, explica, \u201cse contagia por la picadura de un flebotomo, es un mosquito que viven en esas zonas h\u00famedas y en el hueco de los arbustos, como en los troncos de madera en descomposici\u00f3n. Se transmite por su picadura sobre las superficies libres del cuerpo, no se trasmite de persona a persona\".<\/p>\n<p><a href=\"http:\/\/notinor.com\/jujuy\/wp-content\/uploads\/2017\/07\/leishmaniasis1.jpg2_.jpg\"><img decoding=\"async\" loading=\"lazy\" class=\"alignnone size-large wp-image-126745\" src=\"http:\/\/notinor.com\/jujuy\/wp-content\/uploads\/2017\/07\/leishmaniasis1.jpg2_-1024x576.jpg\" alt=\"leishmaniasis1.jpg2\" width=\"1024\" height=\"576\" srcset=\"https:\/\/notinor.com\/jujuy\/wp-content\/uploads\/2017\/07\/leishmaniasis1.jpg2_-1024x576.jpg 1024w, https:\/\/notinor.com\/jujuy\/wp-content\/uploads\/2017\/07\/leishmaniasis1.jpg2_-300x169.jpg 300w, https:\/\/notinor.com\/jujuy\/wp-content\/uploads\/2017\/07\/leishmaniasis1.jpg2_-199x112.jpg 199w, https:\/\/notinor.com\/jujuy\/wp-content\/uploads\/2017\/07\/leishmaniasis1.jpg2_.jpg 1920w\" sizes=\"(max-width: 1024px) 100vw, 1024px\" \/><\/a><\/p>\n<p>Por otro lados, la directora refiri\u00f3 que todos los casos son de Lesmaniasis Cut\u00e1nea y que se est\u00e1n tomando las medidas preventivas adecuadas \"estamos realizando campa\u00f1as preventivas y conjuntamente trabajando con el Ministerio de Salud, el Hopsital \u00a0Pablo Soria y con el medic\u00f3 el dermat\u00f3logo y epidemi\u00f3logo, el cardi\u00f3logo y tambi\u00e9n los m\u00e9dicos bioqu\u00edmicos. Todos deben trabajar en conjunto para tratar esta patolog\u00eda -2\".<\/p>\n<p>Indic\u00f3,\u00a0\u201cLas curaciones se realizan en los Puestos de salud, y el resto en el Hospital San Miguel. Todos tenemos que colaborar con esto no es para asustarnos ni tampoco relajarse ante la presencia de un s\u00edntoma de cualquier picadura que presente la piel y se a puriginosa que sea de la zona donde se producen los casos\u201d.<\/p>\n<p><a href=\"http:\/\/notinor.com\/jujuy\/wp-content\/uploads\/2017\/07\/leishmaniasis-4-25.jpg\"><img decoding=\"async\" loading=\"lazy\" class=\"size-full wp-image-126750 aligncenter\" src=\"http:\/\/notinor.com\/jujuy\/wp-content\/uploads\/2017\/07\/leishmaniasis-4-25.jpg\" alt=\"leishmaniasis-4-25\" width=\"493\" height=\"335\" srcset=\"https:\/\/notinor.com\/jujuy\/wp-content\/uploads\/2017\/07\/leishmaniasis-4-25.jpg 493w, https:\/\/notinor.com\/jujuy\/wp-content\/uploads\/2017\/07\/leishmaniasis-4-25-300x204.jpg 300w\" sizes=\"(max-width: 493px) 100vw, 493px\" \/><\/a><\/p>\n<p>Consultamos acerca de cuales son las medidas de precauci\u00f3n que se deben tomar para esta enfermedad. \u201cLas precauciones\u00a0que se deben tomar son usar ropas que cubran mayormente el cuerpo, como pantalones largos camisetas mangas largas, as\u00ed como tambi\u00e9n repelente. Debemos tener precauci\u00f3n, tener un nivel mayor alarma en la poblaci\u00f3n ante una picadura o ronchas, que son dolorosas o pruriginosas debe asistirse al medico para ser evaluado\".<\/p>\n<p><img decoding=\"async\" loading=\"lazy\" class=\"rg_ic rg_i aligncenter\" src=\"https:\/\/encrypted-tbn0.gstatic.com\/images?q=tbn:ANd9GcTBuANB_N2ozAjkLamRKV4G9GgpPgImqPnl_DIBDe6H-oCqoipu\" alt=\"Resultado de imagen para leishmaniasis\" width=\"423\" height=\"317\" name=\"-YsO21rM41hPxM:\" data-sz=\"f\" \/><\/p>\n<p>En casos donde la personas presenten una condici\u00f3n inmunodeprimida de su sistema, puede afectar poner en riesgo su vida; sin embargo en los casos tratados en la zona de El Bananal se tratan de personas sanas y sus vidas no correr\u00edan riesgo alguno.<\/p>\n<p>Cabe destacar que al ser un brote epid\u00e9mico, seguir\u00e1 un ciclo con un pico de propagaci\u00f3n hasta decrecer levemente despu\u00e9s de un tiempo, por lo que la Dr. Ana Vivanco hizo un estimado de 20 personas infectadas a finales de este mes principios de agosto, teniendo en cuenta en escalaf\u00f3n de estudios epidemiol\u00f3gicos.<\/p>\n","protected":false},"excerpt":{"rendered":"<p>&nbsp; NOTINOR.COM dialog\u00f3 con Ana Vivanco, Directora del Hospital \"San Miguel\" de Yuto, quien coment\u00f3 la alarmante situaci\u00f3n que esta viviendo esta zona. La encargada del nosocomio de Yuto asegur\u00f3 que \u201cdesde el lunes a la tarde se han aumentado 7 casos m\u00e1s, estamos hablando brote epid\u00e9mico de leishmaniasis. Todo los a\u00f1os se registran casos, [&hellip;]<\/p>\n","protected":false},"author":1,"featured_media":126745,"comment_status":"open","ping_status":"open","sticky":false,"template":"","format":"standard","meta":{"_stopmodifiedupdate":false,"_modified_date":"","inline_featured_image":false},"categories":[493],"tags":[],"jetpack_featured_media_url":"https:\/\/notinor.com\/jujuy\/wp-content\/uploads\/2017\/07\/leishmaniasis1.jpg2_.jpg","_links":{"self":[{"href":"https:\/\/notinor.com\/jujuy\/wp-json\/wp\/v2\/posts\/126730"}],"collection":[{"href":"https:\/\/notinor.com\/jujuy\/wp-json\/wp\/v2\/posts"}],"about":[{"href":"https:\/\/notinor.com\/jujuy\/wp-json\/wp\/v2\/types\/post"}],"author":[{"embeddable":true,"href":"https:\/\/notinor.com\/jujuy\/wp-json\/wp\/v2\/users\/1"}],"replies":[{"embeddable":true,"href":"https:\/\/notinor.com\/jujuy\/wp-json\/wp\/v2\/comments?post=126730"}],"version-history":[{"count":7,"href":"https:\/\/notinor.com\/jujuy\/wp-json\/wp\/v2\/posts\/126730\/revisions"}],"predecessor-version":[{"id":126733,"href":"https:\/\/notinor.com\/jujuy\/wp-json\/wp\/v2\/posts\/126730\/revisions\/126733"}],"wp:featuredmedia":[{"embeddable":true,"href":"https:\/\/notinor.com\/jujuy\/wp-json\/wp\/v2\/media\/126745"}],"wp:attachment":[{"href":"https:\/\/notinor.com\/jujuy\/wp-json\/wp\/v2\/media?parent=126730"}],"wp:term":[{"taxonomy":"category","embeddable":true,"href":"https:\/\/notinor.com\/jujuy\/wp-json\/wp\/v2\/categories?post=126730"},{"taxonomy":"post_tag","embeddable":true,"href":"https:\/\/notinor.com\/jujuy\/wp-json\/wp\/v2\/tags?post=126730"}],"curies":[{"name":"wp","href":"https:\/\/api.w.org\/{rel}","templated":true}]}}