{"id":125325,"date":"2017-07-07T00:04:34","date_gmt":"2017-07-07T03:04:34","guid":{"rendered":"http:\/\/notinor.com\/jujuy\/?p=125325"},"modified":"2017-07-08T10:49:57","modified_gmt":"2017-07-08T13:49:57","slug":"violacion-al-sistema-de-seguridad-de-la-dipec-el-gobierno-realizo-una-denuncia-penal","status":"publish","type":"post","link":"https:\/\/notinor.com\/jujuy\/violacion-al-sistema-de-seguridad-de-la-dipec-el-gobierno-realizo-una-denuncia-penal\/","title":{"rendered":"Violaci\u00f3n al sistema de Seguridad de la DiPEC: el gobierno realiz\u00f3 una denuncia penal"},"content":{"rendered":"<p>En el marco de la protesta por los 7 despidos de la Direcci\u00f3n Provincial de Estad\u00edsticas y Censos, el gobierno de Jujuy denunci\u00f3 penalmente al equipo que llevaba a cabo el \u00e1rea encargada de realizar las encuestas sobre una muestra de 880 hogares de la ciudad de San Salvador de Jujuy, por Adulteraci\u00f3n de Documento P\u00fablico, Falsificaci\u00f3n de Documento P\u00fablico, Violaci\u00f3n de Sellos Oficiales, Violaci\u00f3n de Secreto Estad\u00edstico, Asociaci\u00f3n Il\u00edcita, Vulneraci\u00f3n de Bases Centrales que atenta contra el Estado y la Seguridad Nacional, seg\u00fan indic\u00f3, Ana Juarez Orieta directora del organismo.<\/p>\n<p>&nbsp;<\/p>\n<p>El gobernador Gerardo Morales confirm\u00f3 que se detectaron delitos en el procesamiento de datos de la Encuesta Permanente de Hogares, lo que ocasion\u00f3 un serio perjuicio a la medici\u00f3n de la pobreza en Jujuy. Puesto que, el Estado formul\u00f3 la correspondiente denuncia en el fuero Penal y se procedi\u00f3 a separar a siete personas involucradas en esta violaci\u00f3n al sistema.<\/p>\n<p>En conferencia de prensa, el titular de la Direcci\u00f3n Provincial de Estad\u00edsticas y Censos, la directora Ana Ju\u00e1rez Orieta; y El Ministro de Hacienda, Carlos Sadir; y el Ministro de Seguridad, Ekel Meyer. expresaron que a partir de verificaciones de la DIPEC, se detect\u00f3 la falsificaci\u00f3n de informaci\u00f3n. \u201cSe cometi\u00f3 un delito\u201d, sentenci\u00f3 y detall\u00f3 que uno de los responsables es un coordinador de la Encuesta Permanente de Hogares que, a su vez, es delegado de la Asociaci\u00f3n Trabajadores del Estado (ATE).<\/p>\n<p><a href=\"http:\/\/notinor.com\/jujuy\/wp-content\/uploads\/2017\/07\/WhatsApp-Image-2017-07-07-at-03.38.05.jpeg\"><img decoding=\"async\" loading=\"lazy\" class=\"size-large wp-image-125328 aligncenter\" src=\"http:\/\/notinor.com\/jujuy\/wp-content\/uploads\/2017\/07\/WhatsApp-Image-2017-07-07-at-03.38.05-614x1024.jpeg\" alt=\"ana juarez orieta dipec\" width=\"614\" height=\"1024\" srcset=\"https:\/\/notinor.com\/jujuy\/wp-content\/uploads\/2017\/07\/WhatsApp-Image-2017-07-07-at-03.38.05-614x1024.jpeg 614w, https:\/\/notinor.com\/jujuy\/wp-content\/uploads\/2017\/07\/WhatsApp-Image-2017-07-07-at-03.38.05-180x300.jpeg 180w, https:\/\/notinor.com\/jujuy\/wp-content\/uploads\/2017\/07\/WhatsApp-Image-2017-07-07-at-03.38.05.jpeg 768w\" sizes=\"(max-width: 614px) 100vw, 614px\" \/><\/a><\/p>\n<p>Debido a esta certeza es que adopt\u00f3 la decisi\u00f3n de apartar a siete personas que se desempe\u00f1aban en la l\u00ednea de procedimiento de la Encuesta Permanente de Hogares y se radic\u00f3 la correspondiente denuncia penal.<\/p>\n<p>Tambi\u00e9n se detect\u00f3 otras \u00e1reas que incurrieron en la falsificaci\u00f3n y tergiversaci\u00f3n de datos, en una clara violaci\u00f3n a las disposiciones legales vigentes. \u201cATE no puede defender esta situaci\u00f3n\u201d, consider\u00f3 y asegur\u00f3 que las personas apartadas \u201cno ser\u00e1n reincorporadas hasta tanto se complete la investigaci\u00f3n judicial\u201d.<\/p>\n<p>\u201cLa situaci\u00f3n es muy grave y no la dejaremos pasar\u201d, indic\u00f3 Morales y pidi\u00f3 a la Justicia que \u201cvaya a fondo\u201d con la investigaci\u00f3n.<\/p>\n<p>Por otra parte, anticip\u00f3 que el Instituto Nacional de Estad\u00edsticas y Censos (INDEC) est\u00e1 en conocimiento de estas irregularidades, por lo tanto para el lunes se prev\u00e9 una inspecci\u00f3n de dicho organismo.<\/p>\n<p><a href=\"http:\/\/notinor.com\/jujuy\/wp-content\/uploads\/2017\/07\/WhatsApp-Image-2017-07-07-at-03.37.53-e1499410297243.jpeg\"><img decoding=\"async\" loading=\"lazy\" class=\"alignnone size-large wp-image-125330\" src=\"http:\/\/notinor.com\/jujuy\/wp-content\/uploads\/2017\/07\/WhatsApp-Image-2017-07-07-at-03.37.53-1024x614.jpeg\" alt=\"dipec\" width=\"1024\" height=\"614\" \/><\/a><\/p>\n<p>&nbsp;<\/p>\n<p>Al analizar las consecuencias de la manipulaci\u00f3n de datos, dijo que es una situaci\u00f3n sumamente grave, puesto que debilita el rumbo de las pol\u00edticas p\u00fablicas. \u201cNo puede haber imprecisi\u00f3n alguna en los datos de pobreza, esta informaci\u00f3n tiene que ser absolutamente genuina\u201d, indic\u00f3.<\/p>\n<p><img decoding=\"async\" loading=\"lazy\" class=\"alignnone size-large wp-image-125332\" src=\"http:\/\/notinor.com\/jujuy\/wp-content\/uploads\/2017\/07\/WhatsApp-Image-2017-07-07-at-03.37.51-1024x614.jpeg\" alt=\"dipec\" width=\"1024\" height=\"614\" \/><\/p>\n<p>\u201cLos sistemas de control fallaron, producto de la asociaci\u00f3n de quienes ten\u00edan bajo su responsabilidad el ingreso, la supervisi\u00f3n, la consistencia y la codificaci\u00f3n de datos\u201d, subray\u00f3.<\/p>\n<p>La muestra en Jujuy abarca 880 hogares que se proyecta sobre 320 mil hogares y en primera instancia el Estado provincial denunci\u00f3 \u201ctoda un \u00e1rea completamente falsificada\u201d, revel\u00f3 la funcionaria.<\/p>\n","protected":false},"excerpt":{"rendered":"<p>En el marco de la protesta por los 7 despidos de la Direcci\u00f3n Provincial de Estad\u00edsticas y Censos, el gobierno de Jujuy denunci\u00f3 penalmente al equipo que llevaba a cabo el \u00e1rea encargada de realizar las encuestas sobre una muestra de 880 hogares de la ciudad de San Salvador de Jujuy, por Adulteraci\u00f3n de Documento [&hellip;]<\/p>\n","protected":false},"author":1,"featured_media":125327,"comment_status":"open","ping_status":"open","sticky":false,"template":"","format":"standard","meta":{"_stopmodifiedupdate":false,"_modified_date":"","inline_featured_image":false},"categories":[493],"tags":[],"jetpack_featured_media_url":"https:\/\/notinor.com\/jujuy\/wp-content\/uploads\/2017\/07\/WhatsApp-Image-2017-07-07-at-03.37.59-e1499410337324.jpeg","_links":{"self":[{"href":"https:\/\/notinor.com\/jujuy\/wp-json\/wp\/v2\/posts\/125325"}],"collection":[{"href":"https:\/\/notinor.com\/jujuy\/wp-json\/wp\/v2\/posts"}],"about":[{"href":"https:\/\/notinor.com\/jujuy\/wp-json\/wp\/v2\/types\/post"}],"author":[{"embeddable":true,"href":"https:\/\/notinor.com\/jujuy\/wp-json\/wp\/v2\/users\/1"}],"replies":[{"embeddable":true,"href":"https:\/\/notinor.com\/jujuy\/wp-json\/wp\/v2\/comments?post=125325"}],"version-history":[{"count":1,"href":"https:\/\/notinor.com\/jujuy\/wp-json\/wp\/v2\/posts\/125325\/revisions"}],"predecessor-version":[{"id":125333,"href":"https:\/\/notinor.com\/jujuy\/wp-json\/wp\/v2\/posts\/125325\/revisions\/125333"}],"wp:featuredmedia":[{"embeddable":true,"href":"https:\/\/notinor.com\/jujuy\/wp-json\/wp\/v2\/media\/125327"}],"wp:attachment":[{"href":"https:\/\/notinor.com\/jujuy\/wp-json\/wp\/v2\/media?parent=125325"}],"wp:term":[{"taxonomy":"category","embeddable":true,"href":"https:\/\/notinor.com\/jujuy\/wp-json\/wp\/v2\/categories?post=125325"},{"taxonomy":"post_tag","embeddable":true,"href":"https:\/\/notinor.com\/jujuy\/wp-json\/wp\/v2\/tags?post=125325"}],"curies":[{"name":"wp","href":"https:\/\/api.w.org\/{rel}","templated":true}]}}