{"id":125303,"date":"2017-07-07T02:44:41","date_gmt":"2017-07-07T05:44:41","guid":{"rendered":"http:\/\/notinor.com\/jujuy\/?p=125303"},"modified":"2017-07-07T02:44:41","modified_gmt":"2017-07-07T05:44:41","slug":"concejales-aprobaron-el-llamado-a-audiencia-publica-para-la-regulacion-de-la-tenencia-cria-y-maltrato-de-animales","status":"publish","type":"post","link":"https:\/\/notinor.com\/jujuy\/concejales-aprobaron-el-llamado-a-audiencia-publica-para-la-regulacion-de-la-tenencia-cria-y-maltrato-de-animales\/","title":{"rendered":"Concejales aprobaron el llamado a Audiencia P\u00fablica para la regulaci\u00f3n de la tenencia, cr\u00eda y maltrato de animales"},"content":{"rendered":"<p>En el marco de la novena sesi\u00f3n ordinaria, ediles capitalinos aprobaron el llamado a Audiencia P\u00fablica para la regulaci\u00f3n de la tenencia y cr\u00eda de animales dom\u00e9sticos y maltrato de animales, preservando como bien la salud p\u00fablica, la higiene y la seguridad de las personas y bienes, garantizando la protecci\u00f3n debida a los animales. Un proyecto de ordenanza que se encuentra en tratamiento en el cuerpo legislativo.<\/p>\n<p><a href=\"http:\/\/notinor.com\/jujuy\/wp-content\/uploads\/2017\/07\/IMG_1571-e1499406197670.jpg\"><img decoding=\"async\" loading=\"lazy\" class=\"alignnone size-large wp-image-125306\" src=\"http:\/\/notinor.com\/jujuy\/wp-content\/uploads\/2017\/07\/IMG_1571-1024x648.jpg\" alt=\"concejo\" width=\"1024\" height=\"648\" \/><\/a><\/p>\n<p>La ordenanza en cuesti\u00f3n en su art\u00edculo primero establece que a trav\u00e9s de la misma se regula la tenencia permanente o temporaria, la circulaci\u00f3n y\/o crianza de animales dom\u00e9sticos, por cuyas caracter\u00edsticas est\u00e9n permitidas en el ejido municipal, siendo el organismo de aplicaci\u00f3n la Direcci\u00f3n de Salud y Zoonosis Municipal.<\/p>\n<p>Todav\u00eda no existe una fecha determinada para la Audiencia P\u00fablica, que seguramente ser\u00e1 fijada una vez que se promulgue la norma por parte del Ejecutivo. Al respecto, la autora del proyecto, la concejal radical Marta Russo Arriola, afirm\u00f3 que \"estamos haciendo esta audiencia porque creemos necesario conocer la opini\u00f3n de toda la poblaci\u00f3n acerca de este proyecto de ordenanza que tiene que ver con la tenencia responsable de mascotas y de su protecci\u00f3n, como tambi\u00e9n del maltrato de animales\", el mismo tiene como objetivo la seguridad de las personas y tambi\u00e9n la protecci\u00f3n de los animales\".<\/p>\n<p>&nbsp;<\/p>\n<p>Asimismo, agreg\u00f3 que \"este proyecto de ordenanza viene siendo trabajado con las asociaciones de mascotas, con el Colegio de Veterinarios y varias mesas de gesti\u00f3n de distintos barrios. En ella se integran varias ordenanzas que tienen que ver con las mascotas y tambi\u00e9n en sus cap\u00edtulos tratamos el tema del maltrato de los animales en los circos, nos acercaron notas, tambi\u00e9n est\u00e1n notas del \"Kennel Club\" que nos hacen sugerencias y aportes\"<\/p>\n","protected":false},"excerpt":{"rendered":"<p>En el marco de la novena sesi\u00f3n ordinaria, ediles capitalinos aprobaron el llamado a Audiencia P\u00fablica para la regulaci\u00f3n de la tenencia y cr\u00eda de animales dom\u00e9sticos y maltrato de animales, preservando como bien la salud p\u00fablica, la higiene y la seguridad de las personas y bienes, garantizando la protecci\u00f3n debida a los animales. Un [&hellip;]<\/p>\n","protected":false},"author":1,"featured_media":125304,"comment_status":"open","ping_status":"open","sticky":false,"template":"","format":"standard","meta":{"_stopmodifiedupdate":false,"_modified_date":"","inline_featured_image":false},"categories":[13],"tags":[],"jetpack_featured_media_url":"https:\/\/notinor.com\/jujuy\/wp-content\/uploads\/2017\/07\/animales.jpg","_links":{"self":[{"href":"https:\/\/notinor.com\/jujuy\/wp-json\/wp\/v2\/posts\/125303"}],"collection":[{"href":"https:\/\/notinor.com\/jujuy\/wp-json\/wp\/v2\/posts"}],"about":[{"href":"https:\/\/notinor.com\/jujuy\/wp-json\/wp\/v2\/types\/post"}],"author":[{"embeddable":true,"href":"https:\/\/notinor.com\/jujuy\/wp-json\/wp\/v2\/users\/1"}],"replies":[{"embeddable":true,"href":"https:\/\/notinor.com\/jujuy\/wp-json\/wp\/v2\/comments?post=125303"}],"version-history":[{"count":1,"href":"https:\/\/notinor.com\/jujuy\/wp-json\/wp\/v2\/posts\/125303\/revisions"}],"predecessor-version":[{"id":125307,"href":"https:\/\/notinor.com\/jujuy\/wp-json\/wp\/v2\/posts\/125303\/revisions\/125307"}],"wp:featuredmedia":[{"embeddable":true,"href":"https:\/\/notinor.com\/jujuy\/wp-json\/wp\/v2\/media\/125304"}],"wp:attachment":[{"href":"https:\/\/notinor.com\/jujuy\/wp-json\/wp\/v2\/media?parent=125303"}],"wp:term":[{"taxonomy":"category","embeddable":true,"href":"https:\/\/notinor.com\/jujuy\/wp-json\/wp\/v2\/categories?post=125303"},{"taxonomy":"post_tag","embeddable":true,"href":"https:\/\/notinor.com\/jujuy\/wp-json\/wp\/v2\/tags?post=125303"}],"curies":[{"name":"wp","href":"https:\/\/api.w.org\/{rel}","templated":true}]}}