{"id":125298,"date":"2017-07-07T02:27:34","date_gmt":"2017-07-07T05:27:34","guid":{"rendered":"http:\/\/notinor.com\/jujuy\/?p=125298"},"modified":"2017-07-07T02:27:34","modified_gmt":"2017-07-07T05:27:34","slug":"ministro-frigerio-hay-3700-millones-de-pesos-destinados-a-creditos-hipotecarios","status":"publish","type":"post","link":"https:\/\/notinor.com\/jujuy\/ministro-frigerio-hay-3700-millones-de-pesos-destinados-a-creditos-hipotecarios\/","title":{"rendered":"Ministro Frigerio: \u201cHay 3700 millones de pesos destinados a cr\u00e9ditos hipotecarios\""},"content":{"rendered":"<div>\n<div>El ministro del Interior, Obras P\u00fablicas y Vivienda, Rogelio Frigerio, encabez\u00f3 hoy una nueva reuni\u00f3n del Consejo Nacional de la Vivienda que se desarroll\u00f3 en la ciudad de Corrientes en donde destac\u00f3 que \u201cpor primera vez en la historia existe una estrategia nacional de vivienda\u201d y que adem\u00e1s \u201ctiene su correlato en las provincias y los municipios\u201d.<\/div>\n<p>En ese sentido, el ministro destac\u00f3 los avances del Plan Nacional de Vivienda, de la oferta y demanda de los cr\u00e9ditos hipotecarios y tambi\u00e9n del plan ProCreAr.<\/p>\n<\/div>\n<div><\/div>\n<div>\u201cEn diciembre de 2015 hab\u00eda 400 millones de pesos destinados a cr\u00e9ditos hipotecarios en el sistema, pero un a\u00f1o y medio despu\u00e9s hay 3.700 millones, es decir pasamos de un problema a poder darle a cada realidad familiar una soluci\u00f3n en t\u00e9rminos de ingresos\u201d, remarc\u00f3 el ministro, acompa\u00f1ado por el gobernador de Corrientes, Ricardo Colombi.<\/div>\n<div>\u00a0<a href=\"http:\/\/notinor.com\/jujuy\/wp-content\/uploads\/2017\/07\/ministro-frigerio-e1499405229484.jpg\"><img decoding=\"async\" loading=\"lazy\" class=\"alignnone size-large wp-image-125301\" src=\"http:\/\/notinor.com\/jujuy\/wp-content\/uploads\/2017\/07\/ministro-frigerio-1024x668.jpg\" alt=\"ministro frigerio\" width=\"1024\" height=\"668\" \/><\/a><\/div>\n<div>Adem\u00e1s de la oferta de viviendas sociales para aquellas familias que no tienen ninguna posibilidad de acceder al cr\u00e9dito hipotecario, el ministro destac\u00f3 el relanzamiento de ProCreAr para quienes ganan entre dos sueldos b\u00e1sicos y cuatro salarios m\u00ednimos y as\u00ed \u00a0\u201cencuentran una gran ayuda por parte del Estado\u201d.<\/div>\n<div><\/div>\n<div>Agreg\u00f3 que \u201cpara las familias que tienen m\u00e1s de cuatro sueldos m\u00ednimos el sistema financiero, a partir de la baja de la inflaci\u00f3n, tambi\u00e9n est\u00e1 encontrando \u00a0respuestas que se traducen en este crecimiento exponencial \u00a0del cr\u00e9dito hipotecario\u201d y subray\u00f3 que \u201cestos cambios van a permitir que se deje de correr de atr\u00e1s al problema de la falta de vivienda y de calidad de vivienda\u201d.<\/div>\n<div><\/div>\n<div>En ese sentido, ponder\u00f3 que el Gobierno \u201cest\u00e1 trabajando adem\u00e1s en cosas muy concretas vinculadas con el Plan Nacional de Viviendas\u201d, como por ejemplo, la base \u00fanica de beneficiarios de vivienda al tiempo que subray\u00f3: \u201cTenemos que avanzar en transparentar las adjudicaciones y los institutos de viviendas provinciales han avanzado de manera loable en ese tema\u201d.<\/div>\n<div><\/div>\n<div>\u201cQueremos construir entre todos, debatir, discutir, y llegar a un acuerdo para ver cu\u00e1l es la v\u00eda alternativa a lo que se ven\u00eda haciendo hasta el momento para cumplir con esa enorme responsabilidad que tenemos todos ac\u00e1 sobre nuestra espalda que es darle una respuesta a 3 millones y medio de familias que tienen problemas de h\u00e1bitat\u201d, cerr\u00f3 Frigerio.<\/p>\n<p>Participaron el secretario de Vivienda y H\u00e1bitat de la Naci\u00f3n Domingo Amaya; a subsecretaria de H\u00e1bitat y Desarrollo Humano Marina Klemensiewicz, y el subsecretario de Desarrollo Urbano y Vivienda de la Naci\u00f3n y presidente de ProCreAr, Ivan Kerr.<\/p><\/div>\n","protected":false},"excerpt":{"rendered":"<p>El ministro del Interior, Obras P\u00fablicas y Vivienda, Rogelio Frigerio, encabez\u00f3 hoy una nueva reuni\u00f3n del Consejo Nacional de la Vivienda que se desarroll\u00f3 en la ciudad de Corrientes en donde destac\u00f3 que \u201cpor primera vez en la historia existe una estrategia nacional de vivienda\u201d y que adem\u00e1s \u201ctiene su correlato en las provincias y [&hellip;]<\/p>\n","protected":false},"author":1,"featured_media":125299,"comment_status":"open","ping_status":"open","sticky":false,"template":"","format":"standard","meta":{"_stopmodifiedupdate":false,"_modified_date":"","inline_featured_image":false},"categories":[488],"tags":[],"jetpack_featured_media_url":"https:\/\/notinor.com\/jujuy\/wp-content\/uploads\/2017\/07\/ministro-frigerio.jpg1_-e1499405140276.jpg","_links":{"self":[{"href":"https:\/\/notinor.com\/jujuy\/wp-json\/wp\/v2\/posts\/125298"}],"collection":[{"href":"https:\/\/notinor.com\/jujuy\/wp-json\/wp\/v2\/posts"}],"about":[{"href":"https:\/\/notinor.com\/jujuy\/wp-json\/wp\/v2\/types\/post"}],"author":[{"embeddable":true,"href":"https:\/\/notinor.com\/jujuy\/wp-json\/wp\/v2\/users\/1"}],"replies":[{"embeddable":true,"href":"https:\/\/notinor.com\/jujuy\/wp-json\/wp\/v2\/comments?post=125298"}],"version-history":[{"count":1,"href":"https:\/\/notinor.com\/jujuy\/wp-json\/wp\/v2\/posts\/125298\/revisions"}],"predecessor-version":[{"id":125302,"href":"https:\/\/notinor.com\/jujuy\/wp-json\/wp\/v2\/posts\/125298\/revisions\/125302"}],"wp:featuredmedia":[{"embeddable":true,"href":"https:\/\/notinor.com\/jujuy\/wp-json\/wp\/v2\/media\/125299"}],"wp:attachment":[{"href":"https:\/\/notinor.com\/jujuy\/wp-json\/wp\/v2\/media?parent=125298"}],"wp:term":[{"taxonomy":"category","embeddable":true,"href":"https:\/\/notinor.com\/jujuy\/wp-json\/wp\/v2\/categories?post=125298"},{"taxonomy":"post_tag","embeddable":true,"href":"https:\/\/notinor.com\/jujuy\/wp-json\/wp\/v2\/tags?post=125298"}],"curies":[{"name":"wp","href":"https:\/\/api.w.org\/{rel}","templated":true}]}}