{"id":124509,"date":"2017-07-03T01:15:32","date_gmt":"2017-07-03T04:15:32","guid":{"rendered":"http:\/\/notinor.com\/jujuy\/?p=124509"},"modified":"2017-07-03T01:15:32","modified_gmt":"2017-07-03T04:15:32","slug":"portugal-fue-tercero-al-vencer-a-mexico-en-la-prorroga","status":"publish","type":"post","link":"https:\/\/notinor.com\/jujuy\/portugal-fue-tercero-al-vencer-a-mexico-en-la-prorroga\/","title":{"rendered":"Portugal fue tercero al vencer a M\u00e9xico en la pr\u00f3rroga"},"content":{"rendered":"<p>El conjunto luso, que tuvo la ausencia de Cristiano Ronaldo, se llev\u00f3 la victoria por 2 a 1 con goles de Pepe, a los 46 minutos del segunda etapa, y de Adrien de penal, a los 14 minutos del primer tiempo del suplementario.<\/p>\n<p>El campe\u00f3n europeo, Portugal, se clasific\u00f3 en el tercer puesto de la Copa de las Confederaciones, al vencer este domingo a M\u00e9xico por 2 a 1 en la pr\u00f3rroga de un partido igualado 1-1 en tiempo reglamentario en el estadio del Spartak Mosc\u00fa, en Rusia.<\/p>\n<p>Con el astro Cristiano Ronaldo ausente, licenciado despu\u00e9s de perder por penales la semifinal ante Chile, los lusos comenzaron el juego en desventaja cuando el defensor Neto marc\u00f3 en contra de propia valla a los nueve minutos del segundo tiempo.<\/p>\n<p>Pero el ex defensor de Real Madrid Pepe, hoy capit\u00e1n en ausencia de CR7, forz\u00f3 el tiempo extra al empatar de cabeza en el primer minuto adicionado a los 90 y ya en la pr\u00f3rroga, cuando sobreven\u00eda el descanso intermedio, Adrien marc\u00f3 cifras definitivas con un penal.<\/p>\n<p>As\u00ed, los portugueses se subieron al podio en su primera participaci\u00f3n en el torneo; mientras que los mexicanos, campeones como locales en 1999, terminaron cuartos por segunda vez (Alemania 2005, la anterior) en las siete ediciones que llevan disputadas.<\/p>\n<p>&nbsp;<\/p>\n","protected":false},"excerpt":{"rendered":"<p>El conjunto luso, que tuvo la ausencia de Cristiano Ronaldo, se llev\u00f3 la victoria por 2 a 1 con goles de Pepe, a los 46 minutos del segunda etapa, y de Adrien de penal, a los 14 minutos del primer tiempo del suplementario. El campe\u00f3n europeo, Portugal, se clasific\u00f3 en el tercer puesto de la [&hellip;]<\/p>\n","protected":false},"author":1,"featured_media":124510,"comment_status":"open","ping_status":"open","sticky":false,"template":"","format":"standard","meta":{"_stopmodifiedupdate":false,"_modified_date":"","inline_featured_image":false},"categories":[7],"tags":[],"jetpack_featured_media_url":"https:\/\/notinor.com\/jujuy\/wp-content\/uploads\/2017\/07\/59595b6603c9d_645x362.jpg","_links":{"self":[{"href":"https:\/\/notinor.com\/jujuy\/wp-json\/wp\/v2\/posts\/124509"}],"collection":[{"href":"https:\/\/notinor.com\/jujuy\/wp-json\/wp\/v2\/posts"}],"about":[{"href":"https:\/\/notinor.com\/jujuy\/wp-json\/wp\/v2\/types\/post"}],"author":[{"embeddable":true,"href":"https:\/\/notinor.com\/jujuy\/wp-json\/wp\/v2\/users\/1"}],"replies":[{"embeddable":true,"href":"https:\/\/notinor.com\/jujuy\/wp-json\/wp\/v2\/comments?post=124509"}],"version-history":[{"count":1,"href":"https:\/\/notinor.com\/jujuy\/wp-json\/wp\/v2\/posts\/124509\/revisions"}],"predecessor-version":[{"id":124511,"href":"https:\/\/notinor.com\/jujuy\/wp-json\/wp\/v2\/posts\/124509\/revisions\/124511"}],"wp:featuredmedia":[{"embeddable":true,"href":"https:\/\/notinor.com\/jujuy\/wp-json\/wp\/v2\/media\/124510"}],"wp:attachment":[{"href":"https:\/\/notinor.com\/jujuy\/wp-json\/wp\/v2\/media?parent=124509"}],"wp:term":[{"taxonomy":"category","embeddable":true,"href":"https:\/\/notinor.com\/jujuy\/wp-json\/wp\/v2\/categories?post=124509"},{"taxonomy":"post_tag","embeddable":true,"href":"https:\/\/notinor.com\/jujuy\/wp-json\/wp\/v2\/tags?post=124509"}],"curies":[{"name":"wp","href":"https:\/\/api.w.org\/{rel}","templated":true}]}}