{"id":124382,"date":"2017-07-03T01:00:44","date_gmt":"2017-07-03T04:00:44","guid":{"rendered":"http:\/\/notinor.com\/jujuy\/?p=124382"},"modified":"2017-07-01T15:23:16","modified_gmt":"2017-07-01T18:23:16","slug":"por-que-juegan-todos-en-provincia-en-estas-elecciones-legislativas","status":"publish","type":"post","link":"https:\/\/notinor.com\/jujuy\/por-que-juegan-todos-en-provincia-en-estas-elecciones-legislativas\/","title":{"rendered":"\u00bfPor qu\u00e9 juegan todos en Provincia en estas elecciones legislativas?"},"content":{"rendered":"<div id=\"fQoZwE1j9OgWnq\">\n<div>\n<header>\n<h1><\/h1>\n<p>En 6 casos sobre 7 anticiparon el resultado de la presidencial. Algunas consideraciones sobre la relevancia de los comicios de medio t\u00e9rmino para el esquema pol\u00edtico de la Argentina en el corto plazo<\/p>\n<\/header>\n<\/div>\n<\/div>\n<div id=\"fWEPR01j9OgWnq\"><\/div>\n<div id=\"cbZiOg1j9OgWnq\">\n<div id=\"fqX7D22j9OgWnq\">\n<div id=\"article-body\">\n<div id=\"article-content\">\n<div><\/div>\n<div>\n<div>\n<p>La respuesta a una simple pregunta es el argumento para que el Gobierno nacional sacrifique un ministro valorado, dedique tiempo, log\u00edstica y recursos \u2013muchos , muchos recursos\u2013 a la provincia de Buenos Aires. Esa misma respuesta explica tambi\u00e9n la cruda interna que expuso el peronismo bonaerense en el \u00faltimo cierre de listas; interna que atomiz\u00f3 el voto justicialista en las n\u00f3minas encabezadas por la ex presidenta Cristina Kirchner (Unidad Ciudadana), Florencio Randazzo (Cumplir) y Sergio Massa (1Pa\u00eds).<\/p>\n<\/div>\n<\/div>\n<div>\n<div>\n<p>\u00bfPor qu\u00e9 compiten Cristina Kirchner, Esteban Bullrich, Florencio Randazzo y Sergo Massa en la provincia de Buenos Aires en las\u00a0elecciones legislativas?\u00a0\u00bfPor qu\u00e9 juegan todos? Una respuesta por lo menos incompleta es la\u00a0prepotencia habitacional: a fines del 2015 y con poco m\u00e1s de 11.867.979 electores, la Provincia representa el 37,01% del total del padr\u00f3n nacional, algo as\u00ed como 32.037.323 votantes.<\/p>\n<\/div>\n<\/div>\n<div>\n<div>\n<p>Pero existen otros factores a tener en cuenta sobre las elecciones de medio t\u00e9rmino en territorio bonaerense, sobre todo si se analiza el comportamiento del electorado en los \u00faltimos 30 a\u00f1os.<\/p>\n<\/div>\n<\/div>\n<div>\n<div>\n<p>A saber:<\/p>\n<\/div>\n<\/div>\n<div>\n<div>\n<p>Ser oficialismo no otorga ventaja.<\/p>\n<\/div>\n<\/div>\n<div>\n<div>\n<p>El resultado anticipa tu futura elecci\u00f3n en una proporci\u00f3n de 6 a 1.<\/p>\n<\/div>\n<\/div>\n<div>\n<div>\n<p>Si un opositor gana, pierde la siguiente. El votante se inclina por otro opositor.<\/p>\n<\/div>\n<\/div>\n<div>\n<div>\n<p>Consultando, el polit\u00f3logo Andr\u00e9s Malamud lo explica: \"En las intermedias los electores eval\u00faan al gobierno, no a la oposici\u00f3n, y ese resultado determina la siguiente. Si quieren castigar, usan al que haya a mano. Pero en las presidenciales se elige gobierno y el elector opta entre dos, no eval\u00faa a uno\".<\/p>\n<\/div>\n<\/div>\n<div>\n<div>\n<p>Repasemos las \u00faltimas siete elecciones de medio t\u00e9rmino.<\/p>\n<\/div>\n<\/div>\n<div>\n<figure>\n<div>\n<div><\/div>\n<p><img decoding=\"async\" loading=\"lazy\" id=\"WA5F7R62CVEJVEHNDU4RMQLDMI\" src=\"http:\/\/www.infobae.com\/new-resizer\/fN1sb-43CsPTEhQocTYDO855BHs=\/600x0\/s3.amazonaws.com\/arc-wordpress-client-uploads\/infobae-wp\/wp-content\/uploads\/2017\/06\/26170907\/massa-2013.jpg?token=bar\" alt=\"Sergio Massa versi\u00f3n 2013. Todos festejos luego de las elecciones legislativas (Adri\u00e1n Escandar)\" width=\"750\" height=\"421.875\" data-url=\"http:\/\/www.infobae.com\/politica\/2017\/07\/01\/por-que-juegan-todos-en-provincia-en-estas-elecciones-legislativas\/%23WA5F7R62CVEJVEHNDU4RMQLDMI\" data-original=\"http:\/\/www.infobae.com\/new-resizer\/fN1sb-43CsPTEhQocTYDO855BHs=\/600x0\/s3.amazonaws.com\/arc-wordpress-client-uploads\/infobae-wp\/wp-content\/uploads\/2017\/06\/26170907\/massa-2013.jpg?token=bar\" \/><\/p>\n<\/div><figcaption>Sergio Massa versi\u00f3n 2013. Todos festejos luego de las elecciones legislativas (Adri\u00e1n Escandar)<\/figcaption><\/figure>\n<\/div>\n<div>\n<div>\n<p>En 2013,\u00a0se impuso el Frente Renovador de Sergio Massa\u00a0con el 43.95% de los votos cuando la campa\u00f1a se enfoc\u00f3 contra el denominado \"disciplinamiento de la Justicia\" que intent\u00f3 la entonces presidenta Cristina Kirchner. Lo hizo en una alianza program\u00e1tica con el PRO del actual presidente Mauricio Macri que, sin un candidato de peso, solo logr\u00f3 incluir dentro de la lista massista a Gladys Gonz\u00e1lez, Christian Gribaudo y Soledad Mart\u00ednez. En la elecci\u00f3n presidencial siguiente, 2015,\u00a0gan\u00f3 la oposici\u00f3n: pero no fue Massa, sino Macri.<\/p>\n<\/div>\n<\/div>\n<div>\n<div>\n<p>En 2009 se da la \u00fanica excepci\u00f3n. Post conflicto entre el Gobierno nacional y el campo, fueron las elecciones de las candidaturas testimoniales.\u00a0Uni\u00f3n PRO, la alianza que agrup\u00f3 al PRO de Mauricio Macri con Francisco De Narv\u00e1ez y Felipe Sol\u00e1, se impuso con el\u00a034,68%. La historia de los comicios presidenciales 2011 es conocida: luego de la muerte de N\u00e9stor Kirchner, Cristina obtuvo\u00a0la reelecci\u00f3n con el 54% de los votos.<\/p>\n<\/div>\n<\/div>\n<div>\n<figure>\n<div>\n<div><\/div>\n<p><img decoding=\"async\" loading=\"lazy\" id=\"SPGJNWVP55FDDBKV4RX75JSEBI\" src=\"http:\/\/www.infobae.com\/new-resizer\/ajP1nNpdOmDP512y9rNeCU11Q8E=\/600x0\/s3.amazonaws.com\/arc-wordpress-client-uploads\/infobae-wp\/wp-content\/uploads\/2017\/06\/26171046\/De-Narvaez-2009-2.jpg?token=bar\" alt=\"En el 2009, Francisco De Narv\u00e1ez dio el batacazo. En el 2011 no capitaliz\u00f3 los votos y hoy est\u00e1 retirado de la pol\u00edtica (T\u00e9lam)\" width=\"750\" height=\"421.875\" data-url=\"http:\/\/www.infobae.com\/politica\/2017\/07\/01\/por-que-juegan-todos-en-provincia-en-estas-elecciones-legislativas\/%23SPGJNWVP55FDDBKV4RX75JSEBI\" data-original=\"http:\/\/www.infobae.com\/new-resizer\/ajP1nNpdOmDP512y9rNeCU11Q8E=\/600x0\/s3.amazonaws.com\/arc-wordpress-client-uploads\/infobae-wp\/wp-content\/uploads\/2017\/06\/26171046\/De-Narvaez-2009-2.jpg?token=bar\" \/><\/p>\n<\/div><figcaption>En el 2009, Francisco De Narv\u00e1ez dio el batacazo. En el 2011 no capitaliz\u00f3 los votos y hoy est\u00e1 retirado de la pol\u00edtica (T\u00e9lam)<\/figcaption><\/figure>\n<\/div>\n<div>\n<div>\n<p>En el resto de los comicios legislativos se impone la tendencia<\/p>\n<\/div>\n<\/div>\n<div>\n<div>\n<p>En el 2005, cuando gobernaba N\u00e9stor Kirchner, gan\u00f3 la lista oficialista que llev\u00f3 a Cristina Kirchner al frente de la lista de senadores y a Alberto Balestrini para diputados. El mismo resultado se impuso a nivel nacional en el 2007.<\/p>\n<\/div>\n<\/div>\n<div>\n<div>\n<p>En el 2001, a dos meses de los tr\u00e1gicos 19 y 20 de diciembre que sellaron el final del Gobierno de Fernando De La R\u00faa, la UCR perdi\u00f3 las legislativas. Fueron los comicios del voto bronca, con altos niveles de ausentismo e impugnaci\u00f3n. En el 2003 el radicalismo perdi\u00f3 las elecciones: la f\u00f3rmula Leopoldo Moreau y Mario Losada obtuvo s\u00f3lo el 2.34% de los votos.<\/p>\n<\/div>\n<\/div>\n<div>\n<div>\n<p>En 1997, la lista que apoy\u00f3 el entonces presidente Carlos Menem perdi\u00f3, y anticip\u00f3 la victoria de la Alianza en 1999. En 1993, el oficialismo gan\u00f3 las elecciones legislativas y revalid\u00f3 el triunfo en las presidenciales de 1995, donde Carlos Menem obtuvo su reelecci\u00f3n. En 1987, cuando todav\u00eda el presidente era Ra\u00fal Alfons\u00edn, la lista radical perdi\u00f3 y anticip\u00f3 la derrota en los comicios de 1989.<\/p>\n<\/div>\n<\/div>\n<div>\n<div>\n<p>As\u00ed, en casi todos los casos,\u00a0el resultado de las elecciones legislativas anticipa la\u00a0futura elecci\u00f3n en una proporci\u00f3n de 6 a 1.\u00a0En los \u00faltimos 30 a\u00f1os, los opositores que se impusieron en elecciones legslativas nunca pudieron capitalizar esos votos. Ni Antonio Cafiero en 1987, ni Graciela Fern\u00e1ndez Meijide en 1993\/1997, ni Francisco De Narv\u00e1ez en 2009, ni Sergio Massa en 2013.\u00a0Esos votos se trasladan a otros dirigente de la oposici\u00f3n.<\/p>\n<\/div>\n<\/div>\n<div>\n<div>\n<p>Algunas consideraciones sobre el cierre de listas del pasado s\u00e1bado. Para Malamud, \"el peronismo dividido en tres pierde salvo que haya una cat\u00e1strofe imprevisible para el gobierno\". Sin embargo, el polit\u00f3logo plantea un panorama sombr\u00edo ante una eventual derrota de Cambiemos en octubre:\u00a0la posibilidad de que Mauricio Macri no termine su mandato.<\/p>\n<\/div>\n<\/div>\n<div>\n<div>\n<p>\"No es una certeza sino una \u00a0probabilidad que deriva de los antecedentes latinoamericanos (1\/6 de los presidentes no acaba su mandato, especialmente cuando se pelea con el congreso) y argentinos (los presidentes no peronistas no acaban sus mandatos desde 1928)\", asegur\u00f3.<\/p>\n<\/div>\n<\/div>\n<\/div>\n<\/div>\n<\/div>\n<\/div>\n","protected":false},"excerpt":{"rendered":"<p>En 6 casos sobre 7 anticiparon el resultado de la presidencial. Algunas consideraciones sobre la relevancia de los comicios de medio t\u00e9rmino para el esquema pol\u00edtico de la Argentina en el corto plazo La respuesta a una simple pregunta es el argumento para que el Gobierno nacional sacrifique un ministro valorado, dedique tiempo, log\u00edstica y [&hellip;]<\/p>\n","protected":false},"author":1,"featured_media":124384,"comment_status":"open","ping_status":"open","sticky":false,"template":"","format":"standard","meta":{"_stopmodifiedupdate":false,"_modified_date":"","inline_featured_image":false},"categories":[493],"tags":[],"jetpack_featured_media_url":"https:\/\/notinor.com\/jujuy\/wp-content\/uploads\/2017\/07\/paso2017.jpg","_links":{"self":[{"href":"https:\/\/notinor.com\/jujuy\/wp-json\/wp\/v2\/posts\/124382"}],"collection":[{"href":"https:\/\/notinor.com\/jujuy\/wp-json\/wp\/v2\/posts"}],"about":[{"href":"https:\/\/notinor.com\/jujuy\/wp-json\/wp\/v2\/types\/post"}],"author":[{"embeddable":true,"href":"https:\/\/notinor.com\/jujuy\/wp-json\/wp\/v2\/users\/1"}],"replies":[{"embeddable":true,"href":"https:\/\/notinor.com\/jujuy\/wp-json\/wp\/v2\/comments?post=124382"}],"version-history":[{"count":3,"href":"https:\/\/notinor.com\/jujuy\/wp-json\/wp\/v2\/posts\/124382\/revisions"}],"predecessor-version":[{"id":124386,"href":"https:\/\/notinor.com\/jujuy\/wp-json\/wp\/v2\/posts\/124382\/revisions\/124386"}],"wp:featuredmedia":[{"embeddable":true,"href":"https:\/\/notinor.com\/jujuy\/wp-json\/wp\/v2\/media\/124384"}],"wp:attachment":[{"href":"https:\/\/notinor.com\/jujuy\/wp-json\/wp\/v2\/media?parent=124382"}],"wp:term":[{"taxonomy":"category","embeddable":true,"href":"https:\/\/notinor.com\/jujuy\/wp-json\/wp\/v2\/categories?post=124382"},{"taxonomy":"post_tag","embeddable":true,"href":"https:\/\/notinor.com\/jujuy\/wp-json\/wp\/v2\/tags?post=124382"}],"curies":[{"name":"wp","href":"https:\/\/api.w.org\/{rel}","templated":true}]}}