{"id":122007,"date":"2017-06-17T10:23:08","date_gmt":"2017-06-17T13:23:08","guid":{"rendered":"http:\/\/notinor.com\/jujuy\/?p=122007"},"modified":"2017-06-17T13:30:43","modified_gmt":"2017-06-17T16:30:43","slug":"122007","status":"publish","type":"post","link":"https:\/\/notinor.com\/jujuy\/122007\/","title":{"rendered":"1\u00b0 Encuentro Regional por el Defensor del Ni\u00f1o"},"content":{"rendered":"<p><a href=\"http:\/\/notinor.com\/jujuy\/wp-content\/uploads\/2017\/06\/diputada-martinez.jpeg\"><img decoding=\"async\" loading=\"lazy\" class=\"alignnone size-full wp-image-122127\" src=\"http:\/\/notinor.com\/jujuy\/wp-content\/uploads\/2017\/06\/diputada-martinez.jpeg\" alt=\"diputada martinez\" width=\"900\" height=\"675\" \/><\/a><\/p>\n<p>El encuentro tuvo lugar en la provincia de Salta, en la Sede del Consejo Deliberante de esa ciudad y fue organizado por la Comisi\u00f3n Bicameral del Defensor del Ni\u00f1o y la C\u00e1mara de Ni\u00f1ez. Adolescencia y Familia.<\/p>\n<p>La Diputada Nacional Martinez, aclar\u00f3 que \u201c Hasta que inici\u00f3 el gobierno de Gerardo Morales ten\u00edamos \u00a0la comisar\u00eda del menor que trabajaba de una manera totalmente violatoria de los derechos de ni\u00f1os ni\u00f1as y adolescentes ,por ese motivo es que el gobernador toma la decisi\u00f3n de dejar sin efecto de funcionamiento y crear centros de admisi\u00f3n\".<\/p>\n<p>&nbsp;<\/p>\n<p>Implementaci\u00f3n de la Ley de Designaci\u00f3n<\/p>\n<p>Hemos estado trabajando para dar cumplimiento de la ley la designaci\u00f3n que est\u00e1 pendiente desde hace m\u00e1s de una d\u00e9cada Por ese motivo es que se fue trabajando hasta que finalmente se constituy\u00f3 la Bicameral y tambi\u00e9n la comisi\u00f3n que preside la diputada nacional Carla carrizo\u201d.<\/p>\n<p>As\u00ed mismo, planteo los objetivos y qui\u00e9nes estar\u00e1n presentes en estas jornadas, \u00a0\u201cLa intenci\u00f3n es la designaci\u00f3n del Defensor del Ni\u00f1o en el Orden Nacional. Pero tambi\u00e9n, es conocer cu\u00e1l es la realidad de cada una de las provincias. Al respecto se procura que haya un defensor provincial, de manera tal que esta reuni\u00f3n regional sirva tambi\u00e9n para conocer cu\u00e1les son los avances logrados en cada una de las provincias y cu\u00e1les son los desaf\u00edos. Va a acompa\u00f1arnos en el caso de la provincia de Jujuy la Ministra de Desarrollo Humano Ada Galfre, tambi\u00e9n la Diputada Provincial Mar\u00eda Eugenia Nieva, quien present\u00f3 un proyecto de ley que tiene que ver con la Protecci\u00f3n Integral de derechos de Ni\u00f1os, Ni\u00f1as y Adolescentes, y mi presente el Dr.\u00a0Agust\u00edn Galartti, que es el presidente de la Comisi\u00f3n de Derechos Humanos del Colegio de Abogados de la provincia de Jujuy\u201d.<\/p>\n<p>&nbsp;<\/p>\n<p>Gerardo Morales, autor e impulsor de la ley N\u00b026061 de Protecci\u00f3n Intergal de Derechos de Ni\u00f1os. Ni\u00f1as y Adolescentes<\/p>\n<p>La mandataria recalc\u00f3 que en materia de infancia es muy importante y necesario hablar de uno de los autores de la ley 26061 de Protecci\u00f3n Integral de Derechos de Ni\u00f1os, Ni\u00f1as y Adolescentes, el propio gobernador de la provincia de Jujuy; qui\u00e9n ha tomado decisiones muy importantes en lo relativo al sistema penal juvenil en la provincia. Tal fue le caso que el gobernador\u00a0tom\u00f3\u00a0la decisi\u00f3n de dejar sin efecto de funcionamiento y crear centros de admisi\u00f3n\".<\/p>\n<p>&nbsp;<\/p>\n<p>Nuevo R\u00e9gimen Penal Juvenil<\/p>\n<p>De igual manera, remarc\u00f3 que los organismos internacionales y organizaciones nacionales tambi\u00e9n est\u00e1n solicitando en lo que respecta a un Nuevo R\u00e9gimen Penal Juvenil solicitando por un cambio profundo. \u201cEs una de las grandes deudas que existen con la infancia, \u00a0uno de los ejes de discusi\u00f3n en este momento, el Ministerio de Justicia de la Naci\u00f3n ha llamado a diferentes reuniones en d\u00f3nde participaron defensorias de todas las provincias argentinas, funcionarios de los tres poderes del Estado Nacional y \u00a0provincial, tambi\u00e9n as organizaciones de la sociedad civil a los defectos de trabajar sobre un nuevo r\u00e9gimen pero por una mirada integral de la problem\u00e1tica y un tema que hay que mencionar cuarto un joven comete un delito porque la sociedad ha fracasado en su conjunto\u201d comento .<\/p>\n<p>Pobreza , Salud y educaci\u00f3n, ejes importantes<\/p>\n<p>La Diputada Nacional Alejandra Mart\u00ednez hizo menci\u00f3n sobre otro punto clave a tratarse, \u201cLa cuesti\u00f3n de la pobreza es de gran aflicci\u00f3n para la sociedad en su conjunto, en el caso del estado tiene que haber respuestas concretas es en materia de salud y en educaci\u00f3n, por ejemplificar las cuestiones que hay que analizar \u00a0profundamente; c\u00f3mo est\u00e1 la situaci\u00f3n, cu\u00e1l y c\u00f3mo vienen resultado las pol\u00edticas p\u00fablicas adoptadas. El destino de los recursos necesarios tambi\u00e9n para terminarlo con esas problem\u00e1ticas\u201d.<\/p>\n","protected":false},"excerpt":{"rendered":"<p>El encuentro tuvo lugar en la provincia de Salta, en la Sede del Consejo Deliberante de esa ciudad y fue organizado por la Comisi\u00f3n Bicameral del Defensor del Ni\u00f1o y la C\u00e1mara de Ni\u00f1ez. Adolescencia y Familia. La Diputada Nacional Martinez, aclar\u00f3 que \u201c Hasta que inici\u00f3 el gobierno de Gerardo Morales ten\u00edamos \u00a0la comisar\u00eda [&hellip;]<\/p>\n","protected":false},"author":1,"featured_media":122127,"comment_status":"open","ping_status":"open","sticky":false,"template":"","format":"standard","meta":{"_stopmodifiedupdate":false,"_modified_date":"","inline_featured_image":false},"categories":[493],"tags":[],"jetpack_featured_media_url":"https:\/\/notinor.com\/jujuy\/wp-content\/uploads\/2017\/06\/diputada-martinez-e1642461908937.jpeg","_links":{"self":[{"href":"https:\/\/notinor.com\/jujuy\/wp-json\/wp\/v2\/posts\/122007"}],"collection":[{"href":"https:\/\/notinor.com\/jujuy\/wp-json\/wp\/v2\/posts"}],"about":[{"href":"https:\/\/notinor.com\/jujuy\/wp-json\/wp\/v2\/types\/post"}],"author":[{"embeddable":true,"href":"https:\/\/notinor.com\/jujuy\/wp-json\/wp\/v2\/users\/1"}],"replies":[{"embeddable":true,"href":"https:\/\/notinor.com\/jujuy\/wp-json\/wp\/v2\/comments?post=122007"}],"version-history":[{"count":10,"href":"https:\/\/notinor.com\/jujuy\/wp-json\/wp\/v2\/posts\/122007\/revisions"}],"predecessor-version":[{"id":122129,"href":"https:\/\/notinor.com\/jujuy\/wp-json\/wp\/v2\/posts\/122007\/revisions\/122129"}],"wp:featuredmedia":[{"embeddable":true,"href":"https:\/\/notinor.com\/jujuy\/wp-json\/wp\/v2\/media\/122127"}],"wp:attachment":[{"href":"https:\/\/notinor.com\/jujuy\/wp-json\/wp\/v2\/media?parent=122007"}],"wp:term":[{"taxonomy":"category","embeddable":true,"href":"https:\/\/notinor.com\/jujuy\/wp-json\/wp\/v2\/categories?post=122007"},{"taxonomy":"post_tag","embeddable":true,"href":"https:\/\/notinor.com\/jujuy\/wp-json\/wp\/v2\/tags?post=122007"}],"curies":[{"name":"wp","href":"https:\/\/api.w.org\/{rel}","templated":true}]}}