{"id":121561,"date":"2017-06-14T03:06:44","date_gmt":"2017-06-14T06:06:44","guid":{"rendered":"http:\/\/notinor.com\/jujuy\/?p=121561"},"modified":"2017-06-14T03:35:13","modified_gmt":"2017-06-14T06:35:13","slug":"haquim-ratifico-la-pertenencia-del-frente-renovador-a-cambia-jujuy","status":"publish","type":"post","link":"https:\/\/notinor.com\/jujuy\/haquim-ratifico-la-pertenencia-del-frente-renovador-a-cambia-jujuy\/","title":{"rendered":"Haquim ratific\u00f3 la pertenencia del Frente Renovador a Cambia Jujuy"},"content":{"rendered":"<p>Calific\u00f3 como demasiado prematuro hablar de posibles nombres cuando quedan diez d\u00edas para el plazo establecido por la Secretar\u00eda Electoral para presentar precandidaturas.<br \/>\nNo obstante ello y ante la inminente presentaci\u00f3n de los frentes o alianzas electorales, cuyo plazo vence este mi\u00e9rcoles 14 a las 24 horas, Haquim confi\u00f3 que las \u00faltimas horas transcurridas estuvieron destinadas a la definici\u00f3n de una estrategia electoral. \u201cVamos a realizar la presentaci\u00f3n de los frentes que sean necesarios y en funci\u00f3n a la estrategia que definiremos\u201d, recalc\u00f3.<br \/>\n\u201cSeguimos formando parte del Frente Cambia Jujuy y eso no se modifica\u201d, afirm\u00f3 en un tono tajante, recordando que la alianza fue conformada para afrontar los procesos electorales y, luego de las elecciones de 2015, para conformar el gobierno. \u201cHaremos las presentaciones que sean necesarias para afrontar en agosto las elecciones primarias y luego, por supuesto, las generales en octubre\u201d.<br \/>\nEn relaci\u00f3n a la decisi\u00f3n del presidente Macri de consensuar precandidaturas en algunos distritos del pa\u00eds, aclar\u00f3 que si bien dentro del Frente Cambia Jujuy est\u00e1 inserto el PRO local, el Frente Renovador no tiene relaciones partidarias con dicho espacio. \u201cLos partidos afines a nuestra fuerza son otros, por lo mismo nosotros vamos a construir en funci\u00f3n a esa afinidad que hemos tenido con varios partidos del distrito Jujuy\u201d, apunt\u00f3.<br \/>\n\u201cEstamos conversando sobre la posibilidad de cerrar un frente con m\u00e1s de diez partidos\u201d, dispar\u00f3.<br \/>\nRespecto a la situaci\u00f3n del Partido Justicialista juje\u00f1o, sostuvo que \u201csigue en veremos\u201d ya que no existe una resoluci\u00f3n de la C\u00e1mara Nacional Electoral sobre la acci\u00f3n que presentar\u00e1 su sector apenas la jueza Servini de Cubr\u00eda dio por convalidada la intervenci\u00f3n del Distrito Jujuy del PJ.<\/p>\n<p><a href=\"http:\/\/notinor.com\/jujuy\/wp-content\/uploads\/2017\/06\/Carlos-Haquim.jpeg\"><img decoding=\"async\" loading=\"lazy\" class=\"alignnone size-full wp-image-121423\" src=\"http:\/\/notinor.com\/jujuy\/wp-content\/uploads\/2017\/06\/Carlos-Haquim.jpeg\" alt=\"Carlos Haquim\" width=\"900\" height=\"675\" srcset=\"https:\/\/notinor.com\/jujuy\/wp-content\/uploads\/2017\/06\/Carlos-Haquim.jpeg 900w, https:\/\/notinor.com\/jujuy\/wp-content\/uploads\/2017\/06\/Carlos-Haquim-300x225.jpeg 300w\" sizes=\"(max-width: 900px) 100vw, 900px\" \/><\/a><br \/>\nEspecul\u00f3 que en relaci\u00f3n a los tiempos que transcurren posiblemente surja alguna novedad en estos d\u00edas. Igualmente, puntualiz\u00f3 que la C\u00e1mara tiene que resolver sobre las presentaciones que ya fueron realizadas. Reiter\u00f3 que \u00e9se ser\u00e1 el l\u00edmite, tal como lo viene manifestando p\u00fablicamente desde que se judicializ\u00f3 la situaci\u00f3n partidaria. \u201cLo que decida la C\u00e1mara ser\u00e1 lo que vamos a respetar\u201d, insisti\u00f3.<br \/>\nSobre nombres o potenciales precandidatos por su espacio, Haquim no quiso decir ni adelantar nada. \u201cHay compa\u00f1eros que han iniciado su campa\u00f1a de manera individual o a trav\u00e9s de sus sectores, pero desde el conjunto del Frente Renovador no hemos tomado definiciones\u201d.<br \/>\n\u201cTodav\u00eda no hemos terminado de definir la estrategia de nuestro espacio dentro del Frente Cambia Jujuy, por lo tanto tampoco hemos definido precandidaturas. No es sencillo hablar de ese tema, pero tenemos tiempo hasta el d\u00eda 24 del mes en curso para definirlo. Yo conozco bastante eso y la historia dice que un minuto antes del vencimiento de los plazos se han modificado listas. Por ello, es demasiado prematuro dar o hablar de nombres\u201d, finaliz\u00f3.<\/p>\n","protected":false},"excerpt":{"rendered":"<p>Calific\u00f3 como demasiado prematuro hablar de posibles nombres cuando quedan diez d\u00edas para el plazo establecido por la Secretar\u00eda Electoral para presentar precandidaturas. No obstante ello y ante la inminente presentaci\u00f3n de los frentes o alianzas electorales, cuyo plazo vence este mi\u00e9rcoles 14 a las 24 horas, Haquim confi\u00f3 que las \u00faltimas horas transcurridas estuvieron [&hellip;]<\/p>\n","protected":false},"author":1,"featured_media":112308,"comment_status":"open","ping_status":"open","sticky":false,"template":"","format":"standard","meta":{"_stopmodifiedupdate":false,"_modified_date":"","inline_featured_image":false},"categories":[493],"tags":[],"jetpack_featured_media_url":"https:\/\/notinor.com\/jujuy\/wp-content\/uploads\/2017\/04\/haquim-2-e1499817676940.jpg","_links":{"self":[{"href":"https:\/\/notinor.com\/jujuy\/wp-json\/wp\/v2\/posts\/121561"}],"collection":[{"href":"https:\/\/notinor.com\/jujuy\/wp-json\/wp\/v2\/posts"}],"about":[{"href":"https:\/\/notinor.com\/jujuy\/wp-json\/wp\/v2\/types\/post"}],"author":[{"embeddable":true,"href":"https:\/\/notinor.com\/jujuy\/wp-json\/wp\/v2\/users\/1"}],"replies":[{"embeddable":true,"href":"https:\/\/notinor.com\/jujuy\/wp-json\/wp\/v2\/comments?post=121561"}],"version-history":[{"count":1,"href":"https:\/\/notinor.com\/jujuy\/wp-json\/wp\/v2\/posts\/121561\/revisions"}],"predecessor-version":[{"id":121563,"href":"https:\/\/notinor.com\/jujuy\/wp-json\/wp\/v2\/posts\/121561\/revisions\/121563"}],"wp:featuredmedia":[{"embeddable":true,"href":"https:\/\/notinor.com\/jujuy\/wp-json\/wp\/v2\/media\/112308"}],"wp:attachment":[{"href":"https:\/\/notinor.com\/jujuy\/wp-json\/wp\/v2\/media?parent=121561"}],"wp:term":[{"taxonomy":"category","embeddable":true,"href":"https:\/\/notinor.com\/jujuy\/wp-json\/wp\/v2\/categories?post=121561"},{"taxonomy":"post_tag","embeddable":true,"href":"https:\/\/notinor.com\/jujuy\/wp-json\/wp\/v2\/tags?post=121561"}],"curies":[{"name":"wp","href":"https:\/\/api.w.org\/{rel}","templated":true}]}}