{"id":121022,"date":"2017-06-11T00:00:51","date_gmt":"2017-06-11T03:00:51","guid":{"rendered":"http:\/\/notinor.com\/jujuy\/?p=121022"},"modified":"2017-06-11T04:36:58","modified_gmt":"2017-06-11T07:36:58","slug":"11-provincias-y-mas-de-un-millon-de-argentinos-afectados-por-inundaciones-y-cambios-climaticos","status":"publish","type":"post","link":"https:\/\/notinor.com\/jujuy\/11-provincias-y-mas-de-un-millon-de-argentinos-afectados-por-inundaciones-y-cambios-climaticos\/","title":{"rendered":"11 provincias y m\u00e1s de un mill\u00f3n de argentinos afectados por inundaciones y cambios clim\u00e1ticos"},"content":{"rendered":"<div class=\"head-content\">\n<p><a href=\"http:\/\/notinor.com\/jujuy\/wp-content\/uploads\/2017\/06\/inundaciones.jpg\"><img decoding=\"async\" loading=\"lazy\" class=\"size-full wp-image-121040 aligncenter\" src=\"http:\/\/notinor.com\/jujuy\/wp-content\/uploads\/2017\/06\/inundaciones.jpg\" alt=\"inundaciones\" width=\"645\" height=\"362\" srcset=\"https:\/\/notinor.com\/jujuy\/wp-content\/uploads\/2017\/06\/inundaciones.jpg 645w, https:\/\/notinor.com\/jujuy\/wp-content\/uploads\/2017\/06\/inundaciones-300x168.jpg 300w, https:\/\/notinor.com\/jujuy\/wp-content\/uploads\/2017\/06\/inundaciones-199x112.jpg 199w, https:\/\/notinor.com\/jujuy\/wp-content\/uploads\/2017\/06\/inundaciones-616x345.jpg 616w\" sizes=\"(max-width: 645px) 100vw, 645px\" \/><\/a><\/p>\n<p>El desmonte de bosques nativos, el monocultivo, el crecimiento desparejo de las ciudades, el avance de negocios inmobiliarios sobre \u00e1reas protegidas son algunos de los factores por los que se producen las inundaciones, enmarcadas, adem\u00e1s, en una transformaci\u00f3n global del clima con tormentas y crecida de los r\u00edos.<\/p>\n<div class=\"addthis_custom_sharing\" data-url=\"http:\/\/www.telam.com.ar\/notas\/201706\/191899-inundaciones-y-sectores-vulnerables--mas-de-un-millon-de-argentinos-en-riesgo.html\" data-title=\"M\u00e1s de un mill\u00f3n de argentinos en riesgo\" data-description=\"El desmonte de bosques nativos, el monocultivo, el crecimiento desparejo de las ciudades, el avance de negocios inmobiliarios sobre \u00e1reas protegidas son algunos de los factores por los que se producen las inundaciones, enmarcadas, adem\u00e1s, en una transformaci\u00f3n global del clima con tormentas y crecida de los r\u00edos.\"><\/div>\n<\/div>\n<div class=\"main-content-block\">\n<div class=\"main-box clearfix\">\n<div class=\"wrapper-main-section clearfix\">\n<div class=\"wrapper-editable-content\">\n<div class=\"editable-content clearfix\">\n<p>Algo m\u00e1s de un mill\u00f3n de personas est\u00e1n expuestas a graves riesgos de inundaci\u00f3n en 32 ciudades de Argentina, especialmente en \u00e1reas marginales e informales, en un contexto de cambio clim\u00e1tico con desborde de r\u00edos y lluvias cada vez m\u00e1s intensas y frecuentes que ya dejaron bajo el agua a pueblos y localidades de 11 provincias.<\/p>\n<div id=\"image\" class=\"image\"><\/div>\n<p>Las inundaciones ocurren por una combinaci\u00f3n de diversos factores: El desmonte de bosques nativos, el monocultivo, el crecimiento desparejo de las ciudades, el avance de negocios inmobiliarios sobre \u00e1reas protegidas son algunos, y todos enmarcados en una transformaci\u00f3n global del clima que -en el caso de Argentina- volvi\u00f3 m\u00e1s feroces las tormentas y m\u00e1s impredecibles los r\u00edos.<\/p>\n<blockquote class=\"small-left\"><p>\u00a0s\u00f3lo en el 2016 se produjeron p\u00e9rdidas por 1.300.000 d\u00f3lares y 72.119 personas sufrieron el castigo de las inundaciones.<span class=\"comilla\">\u201d<\/span><\/p><\/blockquote>\n<p>Seg\u00fan datos oficiales, s\u00f3lo en el 2016 se produjeron p\u00e9rdidas por 1.300.000 d\u00f3lares y 72.119 personas sufrieron el castigo de las inundaciones.<\/p>\n<p>Los cient\u00edficos y acad\u00e9micos Vicente Barros e In\u00e9s Camilloni, miembros del Centro de Investigaciones del Mar y la Atm\u00f3sfera (CIMA-UBA-CONICET), resaltaron que el 90% del total de la poblaci\u00f3n est\u00e1 concentrada en unos 800 centros urbanos, la mayor\u00eda de ellos ubicados en inmediaciones de r\u00edos o en zonas bajas e inundables.<\/p>\n<p>Por eso, en una exhaustiva investigaci\u00f3n que qued\u00f3 plasmada en el libro \"La Argentina y el Cambio Clim\u00e1tico. De la F\u00edsica a la Pol\u00edtica\", Barros y Camilloni advirtieron que algo m\u00e1s de un mill\u00f3n de personas est\u00e1 expuesta a riesgos de inundaci\u00f3n en 32 ciudades del pa\u00eds.<\/p>\n<p>Los casos de mayor vulnerabilidad se dan en poblaciones ubicadas en la Cuenca del Plata, que abarca los valles naturales de inundaci\u00f3n de los r\u00edos Pilcomayo, Paraguay, Paran\u00e1 y Uruguay y sus afluentes, ocupados por sectores humildes o de clase media baja, al igual que las zonas anegadizas del Litoral. Tambi\u00e9n se trata de los pueblos rurales de la regi\u00f3n pampeana y las comunidades del Noroeste (Santiago del Estero, Tucum\u00e1n y Salta).<\/p>\n<p>En di\u00e1logo con T\u00e9lam, Barros apunt\u00f3 que \"los desastres son el resultado entre la interacci\u00f3n de los episodios clim\u00e1ticos y la vulnerabilidad y exposici\u00f3n de las poblaciones afectadas\".<\/p>\n<p>El director Nacional de An\u00e1lisis de Riesgos del Ministerio de Seguridad, Oscar Moscardini, consider\u00f3 que \"seguramente son m\u00e1s de dos millones\" las personas perjudicadas \"directa o indirectamente\" por las inundaciones. Por un lado est\u00e1 el que tuvo que dejar su casa, el que perdi\u00f3 sus bienes o todo lo que ten\u00eda, y por el otro el que perdi\u00f3 su trabajo o la posibilidad de dar trabajo\", reflexion\u00f3.<\/p>\n<blockquote class=\"small-left\"><p>Seg\u00fan datos del Global Forest Watch, entre el 2001 y el 2014 Argentina sufri\u00f3 una brutal p\u00e9rdida de bosques, equivalente al 8% del total deforestado en Sudam\u00e9rica<span class=\"comilla\">\u201d<\/span><\/p><\/blockquote>\n<p>Como soluci\u00f3n a futuro, Moscardini opin\u00f3 que Argentina \"debe incorporar a su modelo de desarrollo la reducci\u00f3n de la vulnerabilidad de la poblaci\u00f3n\", algo que hist\u00f3ricamente no ocurri\u00f3 y, por eso, el impacto de los desastres es mayor en los sectores m\u00e1s desprotegidos.<\/p>\n<p>En sinton\u00eda, estudios realizados en los \u00faltimos a\u00f1os por la Comisi\u00f3n Econ\u00f3mica para Am\u00e9rica Latina y el Caribe (Cepal) advirtieron que la \"vulnerabilidad social es el principal determinante de los da\u00f1os causados por desastres\", y que para revertir esa situaci\u00f3n es necesario delinear estrategias de \"desarrollo sostenible\".<\/p>\n<p>Seg\u00fan el informe ambiental del Banco Mundial del 2016, las inundaciones constituyen el \"mayor desastre natural que amenaza a Argentina\" porque representan el \"60 por ciento del total\" de cat\u00e1strofes que ocurre en el pa\u00eds y causan el \"95 por ciento de los da\u00f1os econ\u00f3micos\" bajos tales circunstancias.<\/p>\n<p>En un contexto de cambio clim\u00e1tico global, desde 1960 hasta hoy las precipitaciones anuales promedio del pa\u00eds aumentaron algo m\u00e1s de un 20% (3,5% por d\u00e9cada) y ya en el 2001 Argentina hab\u00eda sido ubicada entre los 14 pa\u00edses m\u00e1s afectados por las inundaciones, con p\u00e9rdidas econ\u00f3micas que alcanzaron en algunos a\u00f1os m\u00e1s del 1% del PBI.<\/p>\n<p>El director de la Fundaci\u00f3n Ambiente y Recursos Naturales (FARN), Andr\u00e9s N\u00e1poli, evalu\u00f3 que a trav\u00e9s de las d\u00e9cadas el Estado fall\u00f3 en \"haber abordado la gesti\u00f3n h\u00eddrica s\u00f3lo desde el punto de vista del aprovechamiento de los r\u00edos, y no con un abordaje social\".<\/p>\n<p>\"Los segmentos sociales m\u00e1s vulnerables ocupan los bordes de inundaci\u00f3n de los r\u00edos urbanos y su vulnerabilidad est\u00e1 muy asociada al cambio clim\u00e1tico y a problemas de contaminaci\u00f3n\", resalt\u00f3 N\u00e1poli.<\/p>\n<p>Miguel Taboada, director del Instituto de Suelos del INTA, juzg\u00f3 que parte de la responsabilidad recae en el desarrollo de \"procesos de urbanizaci\u00f3n no controlados\", que hacen que la poblaci\u00f3n m\u00e1s vulnerable ocupe terrenos de menor valor, muchos de ellos ubicados en planicies de inundaci\u00f3n.<\/p>\n<p>Lo mismo qued\u00f3 reflejado en el informe del Banco Mundial: \"Una r\u00e1pida urbanizaci\u00f3n y un desarrollo urbano inadecuado son la ra\u00edz de los crecientes anegamientos urbanos, y grandes ciudades como Buenos Aires y La Plata son especialmente vulnerables por su ubicaci\u00f3n\".<\/p>\n<p>Seg\u00fan el Panel Intergubernamental sobre Cambio Clim\u00e1tico (IPCC), en el futuro aumentar\u00e1 la frecuencia de precipitaciones intensas e inundaciones en las zonas ya afectadas. Actualmente las provincias con emergencia h\u00eddrica son Buenos Aires (con 26 ciudades afectadas), Catamarca, Tucum\u00e1n, Salta, Jujuy, Santa Fe, R\u00edo Negro, Chubut, Corrientes, La Pampa y Misiones.<\/p>\n<p>La cuenca del Salado en la provincia de Buenos Aires, donde actualmente hay una treintena de localidades cubiertas de agua, abarca una poblaci\u00f3n de un mill\u00f3n y medio de habitantes y genera el 25% de la producci\u00f3n nacional de granos y carne.<\/p>\n<p>Las inundaciones impactan sobre unas 8 millones de hect\u00e1reas con distintos grados de afectaci\u00f3n y las lluvias persisten desde el 2015, cuando se registr\u00f3 el nivel m\u00e1s alto de precipitaci\u00f3n hist\u00f3rica.<\/p>\n<p>De acuerdo con las estad\u00edsticas oficiales, del 30% de pobres que tiene el pa\u00eds, unos 8 millones viven en grandes centros urbanos, muchos de ellos afectados por las inundaciones. A esto se suma la situaci\u00f3n de los indigentes, con fuerte presencia en la regi\u00f3n pampeana.<\/p>\n<p>En cuanto a la Cuenca del Plata, ya en la d\u00e9cada del 90 se hac\u00eda hincapi\u00e9 en que \"la ocupaci\u00f3n desordenada de los valles de inundaci\u00f3n -producto de la ausencia de pol\u00edticas de planificaci\u00f3n para el sector y de la especulaci\u00f3n en bienes ra\u00edces- sumada a la sobre explotaci\u00f3n del suelo y la cubierta vegetal, han colocado a gran parte de la poblaci\u00f3n en situaci\u00f3n de alto riesgo\".<\/p>\n<p>As\u00ed qued\u00f3 plasmado en la investigaci\u00f3n titulada \"Crecidas: miseria y opulencia\", liderada por Alberto Viladrich, ex secretario de Recursos H\u00eddricos del gobierno de Ra\u00fal Alfons\u00edn.<\/p>\n<p>El desmonte, el uso discrecional del suelo y el avasallamiento urbano e inmobiliario sobre los humedales ampl\u00edan en Argentina las posibilidades de que las lluvias se conviertan en cat\u00e1strofes.<\/p>\n<p>Cient\u00edficos, funcionarios, organizaciones sociales y ambientalistas coinciden en que el monocultivo, el avance inmobiliario que modific\u00f3 escurrimientos de agua naturales y la deforestaci\u00f3n explican, en parte, el terrible impacto de las inundaciones sobre 11 provincias, donde -seg\u00fan proyecciones clim\u00e1ticas- seguir\u00e1 lloviendo.<\/p>\n<p>La queja compartida en \u00e1mbitos acad\u00e9micos, cient\u00edficos y en organismos no gubernamentales es que \"quienes gestionan provincias y municipios consultan a los especialistas s\u00f3lo cuando se producen los desastres, para saber por qu\u00e9 ocurrieron, pero no antes, a la hora de tomar decisiones\" que afectan el manejo del suelo, el dise\u00f1o urbano o el curso de las aguas.<\/p>\n<p>El pa\u00eds tiene unos 40 millones de hect\u00e1reas anegables y casi la mitad de esa superficie est\u00e1 localizada en la Pampa H\u00fameda, subray\u00f3 el director de Suelos del INTA, Miguel Taboada, quien vincul\u00f3 esta circunstancia a que en el \u00faltimo cuarto de siglo se perdieron unas 12 millones de hect\u00e1reas de pasturas y pastizales, que fueron reconvertidas en \u00e1reas sembradas, sobre todo en el NOA y NEA.<\/p>\n<p>Argentina perdi\u00f3 el 12% de sus zonas forestales entre el 2001 y el 2014, seg\u00fan un informe del a\u00f1o pasado del Banco Mundial, que detall\u00f3 que \"casi toda la deforestaci\u00f3n ocurri\u00f3 en el norte\" del pa\u00eds y que en Santiago del Estero se dieron \"los mayores niveles de desmonte en el mundo\".<\/p>\n<p>El estudio ubic\u00f3 al pa\u00eds en el noveno puesto a nivel mundial entre los pa\u00edses que m\u00e1s desperdiciaron su cubierta forestal, y advirti\u00f3 que esa p\u00e9rdida equival\u00eda a la desaparici\u00f3n de \"un bosque del tama\u00f1o de una cancha de f\u00fatbol\" por minuto.<\/p>\n<p>Seg\u00fan datos del Global Forest Watch, entre el 2001 y el 2014 Argentina sufri\u00f3 una brutal p\u00e9rdida de bosques, equivalente al 8% del total deforestado en Sudam\u00e9rica.<\/p>\n<p>Los especialistas advirtieron que el verdadero problema est\u00e1 en c\u00f3mo los gobiernos, empresarios y la sociedad en general desoye algo que la naturaleza est\u00e1 avisando hace siglos.<\/p>\n<p>Si se talan los bosques nativos, se destinan grandes extensiones a monocultivo y se construye sobre humedales -reservorios de agua que evitan las inundaciones- las lluvias y el desborde de r\u00edos seguir\u00e1n siendo incontenibles.<\/p>\n<p>El subsecretario de Gesti\u00f3n Integral del Riesgo (Sinagir), del Ministerio de Seguridad de la Naci\u00f3n, Marcelo Rozas Garay, resalt\u00f3 que actualmente hay una mayor conciencia sobre la problem\u00e1tica ambiental, pero acept\u00f3 que llevar\u00e1 a\u00f1os mejorar las condiciones y que \"no s\u00f3lo faltan obras, sino tambi\u00e9n pol\u00edticas sobre manejo de suelos\".<\/p>\n<p>Un informe de la Organizaci\u00f3n de las Naciones Unidas para la Alimentaci\u00f3n y la Agricultura (FAO) ubic\u00f3 a Argentina entre los diez pa\u00edses que m\u00e1s desmontaron durante los \u00faltimos 25 a\u00f1os. En ese lapso, se perdieron 7,6 millones de hect\u00e1reas, una superficie similar a la de la provincia de Entre R\u00edos (a raz\u00f3n de 300.000 hect\u00e1reas al a\u00f1o).<\/p>\n<p>\"Una hect\u00e1rea con bosques absorbe diez veces m\u00e1s precipitaciones que una hect\u00e1rea con soja\", aseguraron desde Greenpeace.<\/p>\n<p>Para el INTA, \"todav\u00eda falta destinar grandes esfuerzos y mayor responsabilidad a la forma en que se manejan los suelos porque eso incide en la gravedad, en la velocidad y en la duraci\u00f3n de los procesos de inundaciones\".<\/p>\n<p>In\u00e9s Camilloni, titular de la Maestr\u00eda en Ciencias Ambientales de la UBA e investigadora del Centro de Investigaciones del Mar y la Atm\u00f3sfera (CIMA-Conicet\/UBA), consider\u00f3 que el \"compromiso social\" de los cient\u00edficos debe estar dirigido a la \"alfabetizaci\u00f3n sobre cambio clim\u00e1tico\".<\/p>\n<\/div>\n<div class=\"editable-content clearfix\"><\/div>\n<div class=\"editable-content clearfix\">\n<p><a href=\"http:\/\/notinor.com\/jujuy\/wp-content\/uploads\/2017\/06\/mapa-cambio-climatico.jpg\"><img decoding=\"async\" loading=\"lazy\" class=\"size-full wp-image-121041 aligncenter\" src=\"http:\/\/notinor.com\/jujuy\/wp-content\/uploads\/2017\/06\/mapa-cambio-climatico.jpg\" alt=\"mapa cambio climatico\" width=\"600\" height=\"449\" srcset=\"https:\/\/notinor.com\/jujuy\/wp-content\/uploads\/2017\/06\/mapa-cambio-climatico.jpg 600w, https:\/\/notinor.com\/jujuy\/wp-content\/uploads\/2017\/06\/mapa-cambio-climatico-300x225.jpg 300w\" sizes=\"(max-width: 600px) 100vw, 600px\" \/><\/a><\/p>\n<p>En el libro \"La Argentina y el Cambio Clim\u00e1tico. De la F\u00edsica a la Pol\u00edtica\", que Camilloni escribi\u00f3 junto a Vicente Barros, experto en climatolog\u00eda e investigador del Conicet, se rese\u00f1\u00f3 que en las inundaciones del 2007 en Santa Fe -por ejemplo- y en la provincia de Buenos Aires, se dieron \"situaciones an\u00e1rquicas\" en las que cada productor defend\u00eda sus tierras construyendo diques o derivaciones de agua en forma discrecional, y que incluso algunos representantes del Estado sufrieron amenazas.<\/p>\n<p>A fines de 2007, el Congreso Nacional aprob\u00f3 la Ley 26.331 de Presupuestos M\u00ednimos de Protecci\u00f3n Ambiental de los Bosques Nativos, que reci\u00e9n fue reglamentada en 2009, luego de un insistente reclamo de organizaciones sociales y ambientalistas.<\/p>\n<p>Si bien la norma puso algo de frenos al desmonte, ocho a\u00f1os despu\u00e9s, los fondos asignados en el Presupuesto Nacional no alcanzan para la puesta en pr\u00e1ctica total de la ley, seg\u00fan fue admitido por el propio Ministerio de Ambiente de la Naci\u00f3n, y todav\u00eda varias provincias que no completaron el ordenamiento territorial de sus bosques.<\/p>\n<p>A todo esto se suma la demora en la sanci\u00f3n de la Ley de Humedales, aprobada con dificultad en el 2016 en el Senado, pero todav\u00eda no avanz\u00f3 en Diputados por el \"rechazo de los sectores agroindustriales\", denunci\u00f3 N\u00e1poli.<\/p>\n<\/div>\n<\/div>\n<\/div>\n<\/div>\n<\/div>\n","protected":false},"excerpt":{"rendered":"<p>El desmonte de bosques nativos, el monocultivo, el crecimiento desparejo de las ciudades, el avance de negocios inmobiliarios sobre \u00e1reas protegidas son algunos de los factores por los que se producen las inundaciones, enmarcadas, adem\u00e1s, en una transformaci\u00f3n global del clima con tormentas y crecida de los r\u00edos. Algo m\u00e1s de un mill\u00f3n de personas [&hellip;]<\/p>\n","protected":false},"author":1,"featured_media":121040,"comment_status":"open","ping_status":"open","sticky":false,"template":"","format":"standard","meta":{"_stopmodifiedupdate":false,"_modified_date":"","inline_featured_image":false,"spay_email":"","jetpack_publicize_message":""},"categories":[488],"tags":[],"jetpack_featured_media_url":"https:\/\/notinor.com\/jujuy\/wp-content\/uploads\/2017\/06\/inundaciones.jpg","jetpack_publicize_connections":[],"_links":{"self":[{"href":"https:\/\/notinor.com\/jujuy\/wp-json\/wp\/v2\/posts\/121022"}],"collection":[{"href":"https:\/\/notinor.com\/jujuy\/wp-json\/wp\/v2\/posts"}],"about":[{"href":"https:\/\/notinor.com\/jujuy\/wp-json\/wp\/v2\/types\/post"}],"author":[{"embeddable":true,"href":"https:\/\/notinor.com\/jujuy\/wp-json\/wp\/v2\/users\/1"}],"replies":[{"embeddable":true,"href":"https:\/\/notinor.com\/jujuy\/wp-json\/wp\/v2\/comments?post=121022"}],"version-history":[{"count":7,"href":"https:\/\/notinor.com\/jujuy\/wp-json\/wp\/v2\/posts\/121022\/revisions"}],"predecessor-version":[{"id":121043,"href":"https:\/\/notinor.com\/jujuy\/wp-json\/wp\/v2\/posts\/121022\/revisions\/121043"}],"wp:featuredmedia":[{"embeddable":true,"href":"https:\/\/notinor.com\/jujuy\/wp-json\/wp\/v2\/media\/121040"}],"wp:attachment":[{"href":"https:\/\/notinor.com\/jujuy\/wp-json\/wp\/v2\/media?parent=121022"}],"wp:term":[{"taxonomy":"category","embeddable":true,"href":"https:\/\/notinor.com\/jujuy\/wp-json\/wp\/v2\/categories?post=121022"},{"taxonomy":"post_tag","embeddable":true,"href":"https:\/\/notinor.com\/jujuy\/wp-json\/wp\/v2\/tags?post=121022"}],"curies":[{"name":"wp","href":"https:\/\/api.w.org\/{rel}","templated":true}]}}