{"id":121007,"date":"2017-06-11T00:01:08","date_gmt":"2017-06-11T03:01:08","guid":{"rendered":"http:\/\/notinor.com\/jujuy\/?p=121007"},"modified":"2017-06-11T02:17:52","modified_gmt":"2017-06-11T05:17:52","slug":"puna-jujena-la-mesa-de-agua-y-el-pisear-anuncian-proyectos-de-agua","status":"publish","type":"post","link":"https:\/\/notinor.com\/jujuy\/puna-jujena-la-mesa-de-agua-y-el-pisear-anuncian-proyectos-de-agua\/","title":{"rendered":"Puna Juje\u00f1a: la Mesa de Agua y el PISEAR anuncian proyectos de agua"},"content":{"rendered":"<p><a href=\"http:\/\/notinor.com\/jujuy\/wp-content\/uploads\/2017\/06\/puna-juje\u00f1a-e1497158183337.jpg\"><img decoding=\"async\" loading=\"lazy\" class=\"alignnone size-large wp-image-121016\" src=\"http:\/\/notinor.com\/jujuy\/wp-content\/uploads\/2017\/06\/puna-juje\u00f1a-1024x449.jpg\" alt=\"puna juje\u00f1a\" width=\"1024\" height=\"449\" \/><\/a><\/p>\n<p>El a\u00f1o pasado la sequ\u00eda azot\u00f3 la Puna. Este a\u00f1o y luego del trabajo realizado en coordinaci\u00f3n con otros organismos que conformaron la Mesa del Agua, y mediante el Proyecto de Inclusi\u00f3n Socio-Econ\u00f3mica en \u00c1reas Rurales (Pisear) se anunciaron dos los proyectos de agua que beneficiar\u00e1n a 60 familias de las comunidades de Yoscaba, Santa Catalina y de Salinas Grandes que llegar\u00e1 a 300 familias. Mediante la coordinaci\u00f3n se elaboraron proyectos de acuerdo a la prioridad y se asisti\u00f3 con financiamientos. El proyecto en Yoscaba, Santa Catalina ser\u00e1 por dos millones de pesos y el de Salinas Grandes por el mismo valor y para seis comunidades. Las obras ser\u00e1n de captaci\u00f3n, conducci\u00f3n, almacenamiento y distribuci\u00f3n para los productores.<\/p>\n<p>Los proyecto son financiados por el programa Pisear, que lleva adelante la Secretar\u00eda de Coordinaci\u00f3n de Agencias de Desarrollo, a cargo de F\u00e9lix P\u00e9rez. \"Son proyectos h\u00eddricos, de infraestructura, apuntando a la priorizaci\u00f3n por la emergencia h\u00eddrica destinado a comunidades\", precis\u00f3 S\u00e1nchez de la delegaci\u00f3n Jujuy de la Secretar\u00eda de Agricultura Familiar. La obra para finca Yoscaba, que beneficiar\u00e1 a 60 productores, le permitir\u00e1 contar con agua para el ganado y consumo humano. Mientras el proyecto, centrado en Salinas Grandes beneficiar\u00e1 a 300 familias, Adem\u00e1s, anunci\u00f3 que otras comunidades, a trav\u00e9s de la Fundaci\u00f3n Dreyfus acceder\u00e1n a peque\u00f1as obras en la Puna Juje\u00f1a ya que son los primeros proyectos financiados en Latinoam\u00e9rica ya que ven\u00edan trabajando en Asia y Africa. \"Es para los productores que est\u00e1n solos y por ah\u00ed no se puede formular un proyecto comunitario. Son de reparaciones de tanque australiano, peque\u00f1as obras de agua para los que viven alejados\", coment\u00f3 S\u00e1nchez.<\/p>\n<p>Anunci\u00f3 tambi\u00e9n que para ayer estaba prevista la llegada de referentes de la Fundaci\u00f3n Dreyfus, de Europa para recorrer las obras subsidiadas. En tanto, desde la Secretar\u00eda de Agricultura Familiar viene trabajando en la capacitaci\u00f3n de las comunidades para el mantenimiento e implementaci\u00f3n de obras de agua. \"La gente que se capacit\u00f3 el a\u00f1o pasado nos ayuda a aforar, a medir la capacidad de una vertiente de agua para dotar a determinada zona, o a tomar las medidas, buscar datos de productores, buscar la documentaci\u00f3n necesaria\", precis\u00f3 S\u00e1nchez.<\/p>\n<p>Explic\u00f3 que a ellos los tienen como colaboradores y son designados por los municipios o comunidades originarias y es que el a\u00f1o pasado trabajaron en 20 proyectos de capacitaci\u00f3n y para formular proyectos. \"Hoy nos queda financiar de esos veinte proyectos m\u00e1s o menos el 60%, porque estamos buscando el financiamiento afuera, de programas nacionales pero hay que cumplir muchos requisitos sobre todo los an\u00e1lisis de agua. Es que si vamos a dotar de agua potable y para los animales tenemos que ver que sea bebible, apta para el consumo\", afirm\u00f3 S\u00e1nchez.<\/p>\n<p>Campa\u00f1a de Chakus<\/p>\n<p>Preparan para renovar otra campa\u00f1a de chakus, un sistema de captura de vicu\u00f1as silvestre para aprovechamiento de la fibra por parte de las comunidades. Trabajan con tres ingenieros agr\u00f3nomos capacitados, con acompa\u00f1amiento con la Secretar\u00eda de Biodiversidad de la Secretar\u00eda\u00a0 de Ambiente y colaboraci\u00f3n del Inta, y el trabajo lo realizan las comunidades.<\/p>\n<p>Para ello se hizo un estudio, una capacitaci\u00f3n de dos a\u00f1os para quienes lo hacen, los pastores de modo de determinar la \u00e9poca, edad del ejemplar, etc . Consiste en la captura responsable de las vicu\u00f1as por medio de una manga, esquila y liberaci\u00f3n.<\/p>\n<p>Este a\u00f1o la captura nueva ser\u00e1 en Lagunillas del Farrall\u00f3n, el cord\u00f3n oeste de la provincia, mientras en el cord\u00f3n este de Yavi ya est\u00e1n organizadas, con pastores, gente que los gu\u00eda y determinar el lugar y \u00e9poca de la cultura.<\/p>\n<p>\u201cSe est\u00e1 tratando que el valor agregado a esa fibra de vicu\u00f1a se lo d\u00e9 en la propia comunidad, tejer prendas para que llegue el ingreso a la comunidad\u201d, precis\u00f3. Asegur\u00f3 que por ello se est\u00e1 capacitando a artesanos\u00a0 para hilado y elaboraci\u00f3n de prendas, debido a que el precio de fibra bajo. Es que se llam\u00f3 a licitaci\u00f3n desde Inta y no hubo oferentes, con lo cual se decidi\u00f3 darle valor agregado porque se trata de una fibra costosa con la que se apuntar\u00eda a otro mercado.<\/p>\n<p>Agricultura Familiar actualmente depende de la Naci\u00f3n y trabaja en forma conjunta con la Secretar\u00eda de Producci\u00f3n, Agencia de Desarrollo y de Econom\u00eda Popular. \"En la estructura de la Secretar\u00eda de Agricultura Familiar contamos con 33 t\u00e9cnicos\u00a0en terreno, creo que somos la instituci\u00f3n con mayor presencia en terreno\", dijo S\u00e1nchez y suman 6 administrativos.<\/p>\n","protected":false},"excerpt":{"rendered":"<p>El a\u00f1o pasado la sequ\u00eda azot\u00f3 la Puna. Este a\u00f1o y luego del trabajo realizado en coordinaci\u00f3n con otros organismos que conformaron la Mesa del Agua, y mediante el Proyecto de Inclusi\u00f3n Socio-Econ\u00f3mica en \u00c1reas Rurales (Pisear) se anunciaron dos los proyectos de agua que beneficiar\u00e1n a 60 familias de las comunidades de Yoscaba, Santa [&hellip;]<\/p>\n","protected":false},"author":1,"featured_media":121016,"comment_status":"open","ping_status":"open","sticky":false,"template":"","format":"standard","meta":{"_stopmodifiedupdate":false,"_modified_date":"","inline_featured_image":false,"spay_email":"","jetpack_publicize_message":""},"categories":[4],"tags":[],"jetpack_featured_media_url":"https:\/\/notinor.com\/jujuy\/wp-content\/uploads\/2017\/06\/puna-juje\u00f1a-e1497158183337.jpg","jetpack_publicize_connections":[],"_links":{"self":[{"href":"https:\/\/notinor.com\/jujuy\/wp-json\/wp\/v2\/posts\/121007"}],"collection":[{"href":"https:\/\/notinor.com\/jujuy\/wp-json\/wp\/v2\/posts"}],"about":[{"href":"https:\/\/notinor.com\/jujuy\/wp-json\/wp\/v2\/types\/post"}],"author":[{"embeddable":true,"href":"https:\/\/notinor.com\/jujuy\/wp-json\/wp\/v2\/users\/1"}],"replies":[{"embeddable":true,"href":"https:\/\/notinor.com\/jujuy\/wp-json\/wp\/v2\/comments?post=121007"}],"version-history":[{"count":1,"href":"https:\/\/notinor.com\/jujuy\/wp-json\/wp\/v2\/posts\/121007\/revisions"}],"predecessor-version":[{"id":121017,"href":"https:\/\/notinor.com\/jujuy\/wp-json\/wp\/v2\/posts\/121007\/revisions\/121017"}],"wp:featuredmedia":[{"embeddable":true,"href":"https:\/\/notinor.com\/jujuy\/wp-json\/wp\/v2\/media\/121016"}],"wp:attachment":[{"href":"https:\/\/notinor.com\/jujuy\/wp-json\/wp\/v2\/media?parent=121007"}],"wp:term":[{"taxonomy":"category","embeddable":true,"href":"https:\/\/notinor.com\/jujuy\/wp-json\/wp\/v2\/categories?post=121007"},{"taxonomy":"post_tag","embeddable":true,"href":"https:\/\/notinor.com\/jujuy\/wp-json\/wp\/v2\/tags?post=121007"}],"curies":[{"name":"wp","href":"https:\/\/api.w.org\/{rel}","templated":true}]}}