{"id":119082,"date":"2017-05-25T00:00:31","date_gmt":"2017-05-25T03:00:31","guid":{"rendered":"http:\/\/notinor.com\/jujuy\/?p=119082"},"modified":"2017-05-25T12:13:35","modified_gmt":"2017-05-25T15:13:35","slug":"abalos-fermin-q-e-p-d","status":"publish","type":"post","link":"https:\/\/notinor.com\/jujuy\/abalos-fermin-q-e-p-d\/","title":{"rendered":"ABALOS, Ferm\u00edn (Q.E.P.D.)"},"content":{"rendered":"<p>Falleci\u00f3 el d\u00eda 24 de mayo de 2017 a hs. 00:15. C.A.S.R. y B.P. a la edad de 85 a\u00f1os. Su esposa: Julia Montoya, sus hijos, sus hijos pol\u00edticos, su nieto, sus bisnietos y dem\u00e1s familiares invitan a sus amistades y personas piadosas a acompa\u00f1ar sus restos mortales al cementerio Nuestra Se\u00f1ora del Rosario hoy 25 de mayo a hs. 10:00. FAE. Casa de duelo calle Estados Unidos 1007 del B\u00ba Mariano Moreno. Servicio de tanatopraxia y ceremonial empresa Futuro SRL. Ram\u00edrez de Velazco 137- San Salvador de Jujuy- Jujuy. Tel.0388-4240090- 4232086. Para Caruso SA.<\/p>\n","protected":false},"excerpt":{"rendered":"<p>Falleci\u00f3 el d\u00eda 24 de mayo de 2017 a hs. 00:15. C.A.S.R. y B.P. a la edad de 85 a\u00f1os. Su esposa: Julia Montoya, sus hijos, sus hijos pol\u00edticos, su nieto, sus bisnietos y dem\u00e1s familiares invitan a sus amistades y personas piadosas a acompa\u00f1ar sus restos mortales al cementerio Nuestra Se\u00f1ora del Rosario hoy [&hellip;]<\/p>\n","protected":false},"author":5,"featured_media":115185,"comment_status":"open","ping_status":"open","sticky":false,"template":"","format":"standard","meta":{"_stopmodifiedupdate":false,"_modified_date":"","inline_featured_image":false,"spay_email":"","jetpack_publicize_message":""},"categories":[18],"tags":[],"jetpack_featured_media_url":"https:\/\/notinor.com\/jujuy\/wp-content\/uploads\/2017\/04\/Obituarios-12.jpg","jetpack_publicize_connections":[],"_links":{"self":[{"href":"https:\/\/notinor.com\/jujuy\/wp-json\/wp\/v2\/posts\/119082"}],"collection":[{"href":"https:\/\/notinor.com\/jujuy\/wp-json\/wp\/v2\/posts"}],"about":[{"href":"https:\/\/notinor.com\/jujuy\/wp-json\/wp\/v2\/types\/post"}],"author":[{"embeddable":true,"href":"https:\/\/notinor.com\/jujuy\/wp-json\/wp\/v2\/users\/5"}],"replies":[{"embeddable":true,"href":"https:\/\/notinor.com\/jujuy\/wp-json\/wp\/v2\/comments?post=119082"}],"version-history":[{"count":1,"href":"https:\/\/notinor.com\/jujuy\/wp-json\/wp\/v2\/posts\/119082\/revisions"}],"predecessor-version":[{"id":119083,"href":"https:\/\/notinor.com\/jujuy\/wp-json\/wp\/v2\/posts\/119082\/revisions\/119083"}],"wp:featuredmedia":[{"embeddable":true,"href":"https:\/\/notinor.com\/jujuy\/wp-json\/wp\/v2\/media\/115185"}],"wp:attachment":[{"href":"https:\/\/notinor.com\/jujuy\/wp-json\/wp\/v2\/media?parent=119082"}],"wp:term":[{"taxonomy":"category","embeddable":true,"href":"https:\/\/notinor.com\/jujuy\/wp-json\/wp\/v2\/categories?post=119082"},{"taxonomy":"post_tag","embeddable":true,"href":"https:\/\/notinor.com\/jujuy\/wp-json\/wp\/v2\/tags?post=119082"}],"curies":[{"name":"wp","href":"https:\/\/api.w.org\/{rel}","templated":true}]}}