{"id":119001,"date":"2017-05-25T00:00:23","date_gmt":"2017-05-25T03:00:23","guid":{"rendered":"http:\/\/notinor.com\/jujuy\/?p=119001"},"modified":"2017-05-24T19:54:15","modified_gmt":"2017-05-24T22:54:15","slug":"amado-boudou-va-a-juicio-oral-por-el-caso-ciccone","status":"publish","type":"post","link":"https:\/\/notinor.com\/jujuy\/amado-boudou-va-a-juicio-oral-por-el-caso-ciccone\/","title":{"rendered":"Amado Boudou va a juicio oral por el caso Ciccone"},"content":{"rendered":"<p><a href=\"http:\/\/notinor.com\/jujuy\/wp-content\/uploads\/2016\/10\/boudou.jpg\"><img decoding=\"async\" loading=\"lazy\" class=\"alignnone size-full wp-image-92381\" src=\"http:\/\/notinor.com\/jujuy\/wp-content\/uploads\/2016\/10\/boudou.jpg\" alt=\"boudou\" width=\"2000\" height=\"1125\" srcset=\"https:\/\/notinor.com\/jujuy\/wp-content\/uploads\/2016\/10\/boudou.jpg 2000w, https:\/\/notinor.com\/jujuy\/wp-content\/uploads\/2016\/10\/boudou-300x169.jpg 300w, https:\/\/notinor.com\/jujuy\/wp-content\/uploads\/2016\/10\/boudou-1024x576.jpg 1024w, https:\/\/notinor.com\/jujuy\/wp-content\/uploads\/2016\/10\/boudou-199x112.jpg 199w, https:\/\/notinor.com\/jujuy\/wp-content\/uploads\/2016\/10\/boudou-900x506.jpg 900w\" sizes=\"(max-width: 2000px) 100vw, 2000px\" \/><\/a><\/p>\n<p>El juez federal Ariel Lijo envi\u00f3 hoy a juicio oral al exvicepresidente Amado Boudou y a otros cinco imputados en la causa por la compraventa de la ex Ciccone Calcogr\u00e1fica.<br \/>\nPor el mismo caso, fueron enviados a juicio el titular de The Old Fund, el abogado Alejandro Vandenbroele; el empresario y amigo de Boudou, Jos\u00e9 Mar\u00eda Nu\u00f1ez Carmona, el exjefe de Gabinete del Ministerio de Econom\u00eda Guido Forcieri, el exjefe de asesores de la AFIP Rafael Resnick Brenner y el antiguo due\u00f1o de la empresa, Nicol\u00e1s Ciccone.<br \/>\nLijo rechaz\u00f3 las oposiciones a la elevaci\u00f3n a juicio planteadas por las defensas y dispuso declarar clausurada la etapa de instrucci\u00f3n: ahora, s\u00f3lo queda que se sortee el Tribunal Oral Federal que intervendr\u00e1 en el juzgamiento de Boudou y dem\u00e1s imputados.<br \/>\nBoudou est\u00e1 considerarlo autor de los delito de cohecho pasivo en concurso ideal con negociaciones incompatibles con el ejercicio de la funci\u00f3n p\u00fablica.<br \/>\nEl 18 de agosto de 2016 el fiscal federal Jorge Di Lello ya hab\u00eda establecido que un tramo de la causa deb\u00eda ir a juicio oral y p\u00fablico, en tanto que deb\u00eda seguir siendo investigado aquello vinculado con la ruta del dinero por la compra de la gr\u00e1fica.<br \/>\nEn diciembre, el fiscal volvi\u00f3 a requerir que parte de la causa fuera a juicio oral y p\u00fablico, pero entonces se opusieron las defensas, lo que este martes fue rechazado por la Sala I de la C\u00e1mara Federal, que habilit\u00f3 a Lijo a firmar ahora la elevaci\u00f3n a juicio.<br \/>\nSeg\u00fan establece la acusaci\u00f3n, la maniobra delictiva comenz\u00f3 con la firma de un multimillonario contrato para adjudicar a la ex Ciccone Calcogr\u00e1fica, hoy \"Compa\u00f1\u00eda de Valores Sudamericana\", la impresi\u00f3n de billetes de moneda nacional.<br \/>\nEse contrato se firm\u00f3 en 2012 cuando Boudou ya hab\u00eda asumido la Vicepresidencia, y \u00e9l -seg\u00fan la Fiscal\u00eda- \"despleg\u00f3 su influencia\" para facilitar, las maniobras de \"adquisici\u00f3n de la empresa Ciccone Calcogr\u00e1fica\" y su posterior \"habilitaci\u00f3n para contratar con el Estado Nacional\".<br \/>\nDos a\u00f1os antes, se habr\u00eda perpetrado \u2013seg\u00fan la Justicia- el cambio de manos de la exCiccone Calcogr\u00e1fica, al quedar el 70 por ciento de las acciones a manos de The Old Fund, cuya cara visible era Vandenbroele.<br \/>\nEn ese sentido, la sospecha es que Boudou como funcionario p\u00fablico se hizo a trav\u00e9s de Vandenbroele del 70 por ciento del paquete accionario de la firma Ciccone Calcogr\u00e1fica y para ello \"cont\u00f3 con la colaboraci\u00f3n\" del resto de los acusados.<br \/>\nLa causa judicial se inici\u00f3 en 2012 y al ser citados como testigos Ciccone y su yerno, Guillermo Reinwick, refirieron que Boudou particip\u00f3 de un encuentro con ellos en las oficinas del canal Telef\u00e9 el 29 de julio de 2010, y luego de otro el 1 de septiembre del mismo a\u00f1o en el restaurante I Fresh Market, mientras se estaba definiendo la venta de la ex-Ciccone Calcogr\u00e1fica.<\/p>\n","protected":false},"excerpt":{"rendered":"<p>El juez federal Ariel Lijo envi\u00f3 hoy a juicio oral al exvicepresidente Amado Boudou y a otros cinco imputados en la causa por la compraventa de la ex Ciccone Calcogr\u00e1fica. Por el mismo caso, fueron enviados a juicio el titular de The Old Fund, el abogado Alejandro Vandenbroele; el empresario y amigo de Boudou, Jos\u00e9 [&hellip;]<\/p>\n","protected":false},"author":1,"featured_media":92381,"comment_status":"open","ping_status":"open","sticky":false,"template":"","format":"standard","meta":{"_stopmodifiedupdate":false,"_modified_date":"","inline_featured_image":false,"spay_email":"","jetpack_publicize_message":""},"categories":[5],"tags":[],"jetpack_featured_media_url":"https:\/\/notinor.com\/jujuy\/wp-content\/uploads\/2016\/10\/boudou.jpg","jetpack_publicize_connections":[],"_links":{"self":[{"href":"https:\/\/notinor.com\/jujuy\/wp-json\/wp\/v2\/posts\/119001"}],"collection":[{"href":"https:\/\/notinor.com\/jujuy\/wp-json\/wp\/v2\/posts"}],"about":[{"href":"https:\/\/notinor.com\/jujuy\/wp-json\/wp\/v2\/types\/post"}],"author":[{"embeddable":true,"href":"https:\/\/notinor.com\/jujuy\/wp-json\/wp\/v2\/users\/1"}],"replies":[{"embeddable":true,"href":"https:\/\/notinor.com\/jujuy\/wp-json\/wp\/v2\/comments?post=119001"}],"version-history":[{"count":1,"href":"https:\/\/notinor.com\/jujuy\/wp-json\/wp\/v2\/posts\/119001\/revisions"}],"predecessor-version":[{"id":119002,"href":"https:\/\/notinor.com\/jujuy\/wp-json\/wp\/v2\/posts\/119001\/revisions\/119002"}],"wp:featuredmedia":[{"embeddable":true,"href":"https:\/\/notinor.com\/jujuy\/wp-json\/wp\/v2\/media\/92381"}],"wp:attachment":[{"href":"https:\/\/notinor.com\/jujuy\/wp-json\/wp\/v2\/media?parent=119001"}],"wp:term":[{"taxonomy":"category","embeddable":true,"href":"https:\/\/notinor.com\/jujuy\/wp-json\/wp\/v2\/categories?post=119001"},{"taxonomy":"post_tag","embeddable":true,"href":"https:\/\/notinor.com\/jujuy\/wp-json\/wp\/v2\/tags?post=119001"}],"curies":[{"name":"wp","href":"https:\/\/api.w.org\/{rel}","templated":true}]}}