{"id":118431,"date":"2017-05-20T00:00:01","date_gmt":"2017-05-20T03:00:01","guid":{"rendered":"http:\/\/notinor.com\/jujuy\/?p=118431"},"modified":"2017-05-20T13:02:25","modified_gmt":"2017-05-20T16:02:25","slug":"el-intendente-chuli-jorge-acompano-a-los-mineros-en-la-reinauguracion-de-su-sede-social-y-hosteria-sindical","status":"publish","type":"post","link":"https:\/\/notinor.com\/jujuy\/el-intendente-chuli-jorge-acompano-a-los-mineros-en-la-reinauguracion-de-su-sede-social-y-hosteria-sindical\/","title":{"rendered":"El Intendente \"Chuli\" Jorge acompa\u00f1\u00f3 a los mineros en la reinauguraci\u00f3n de su sede social y hoster\u00eda sindical"},"content":{"rendered":"<p><a href=\"http:\/\/notinor.com\/jujuy\/wp-content\/uploads\/2017\/05\/Reinauguracion-de-AOMA.jpg\"><img decoding=\"async\" loading=\"lazy\" class=\"size-medium wp-image-118433 aligncenter\" src=\"http:\/\/notinor.com\/jujuy\/wp-content\/uploads\/2017\/05\/Reinauguracion-de-AOMA-300x199.jpg\" alt=\"Reinauguracion de AOMA\" width=\"300\" height=\"199\" srcset=\"https:\/\/notinor.com\/jujuy\/wp-content\/uploads\/2017\/05\/Reinauguracion-de-AOMA-300x199.jpg 300w, https:\/\/notinor.com\/jujuy\/wp-content\/uploads\/2017\/05\/Reinauguracion-de-AOMA.jpg 901w\" sizes=\"(max-width: 300px) 100vw, 300px\" \/><\/a><\/p>\n<p>Del acto participaron las autoridades nacionales y provinciales del gremio:\u00a0 el Secretario General, H\u00e9ctor Laplace, y el Secretario General de la Delegaci\u00f3n Mina Aguilar, Carlos Trejo.\u00a0 Tambi\u00e9n participaron del acto el vicegobernador de la provincia, Carlos Haquim; el ministro de Trabajo, Jorge Caba Fusz; el secretario de Miner\u00eda de la Provincia Carlos Soler; los diputados provinciales Carlos Amaya, Humberto L\u00f3pez y Fabi\u00e1n Tejerina; y el diputado nacional Guillermo Snopek.\u00a0 Tambi\u00e9n estuvieron presentes\u00a0 familiares del desaparecido dirigente minero Avelino Baz\u00e1n.<\/p>\n<p>Con la reciente obra de refacci\u00f3n y puesta en valor, el tradicional edificio contar\u00e1 ahora con 14 habitaciones para los afiliados que llegan a nuestra ciudad para la realizaci\u00f3n de tr\u00e1mites o por turismo.\u00a0 All\u00ed funcionar\u00e1n la obra social y una delegaci\u00f3n del sindicato, adem\u00e1s de la hoster\u00eda sindical.<\/p>\n<p>Al t\u00e9rmino del acto el intendente Jorge destac\u00f3 la importancia de la puesta en valor de esta vieja sede\u00a0 \"estamos re-inaugurando un edificio emblem\u00e1tico que va a permitir dar m\u00e1s cobertura a sus afiliados con la residencia para facilitar a los mineros y sus familias los traslados a nuestra ciudad para la realizaci\u00f3n de tr\u00e1mites, consultas y visitas al m\u00e9dico y tambi\u00e9n turismo\".<\/p>\n<p>Asimismo subray\u00f3 el car\u00e1cter estrat\u00e9gico de la miner\u00eda en nuestra provincia, \"la miner\u00eda en Jujuy es importante porque es una salida laboral y productiva que produce trabajo digno y que tiene como contrapartida lo sustentable, el cuidado del medio ambiente en la explotaci\u00f3n de los recursos naturales que hace de la miner\u00eda una de las posibilidades de desarrollo que tiene nuestra provincia\".<\/p>\n<p>&nbsp;<\/p>\n","protected":false},"excerpt":{"rendered":"<p>Del acto participaron las autoridades nacionales y provinciales del gremio:\u00a0 el Secretario General, H\u00e9ctor Laplace, y el Secretario General de la Delegaci\u00f3n Mina Aguilar, Carlos Trejo.\u00a0 Tambi\u00e9n participaron del acto el vicegobernador de la provincia, Carlos Haquim; el ministro de Trabajo, Jorge Caba Fusz; el secretario de Miner\u00eda de la Provincia Carlos Soler; los diputados [&hellip;]<\/p>\n","protected":false},"author":5,"featured_media":118432,"comment_status":"open","ping_status":"open","sticky":false,"template":"","format":"standard","meta":{"_stopmodifiedupdate":false,"_modified_date":"","inline_featured_image":false},"categories":[490],"tags":[],"jetpack_featured_media_url":"https:\/\/notinor.com\/jujuy\/wp-content\/uploads\/2017\/05\/Inauguracion-de-AOMA1.jpg","_links":{"self":[{"href":"https:\/\/notinor.com\/jujuy\/wp-json\/wp\/v2\/posts\/118431"}],"collection":[{"href":"https:\/\/notinor.com\/jujuy\/wp-json\/wp\/v2\/posts"}],"about":[{"href":"https:\/\/notinor.com\/jujuy\/wp-json\/wp\/v2\/types\/post"}],"author":[{"embeddable":true,"href":"https:\/\/notinor.com\/jujuy\/wp-json\/wp\/v2\/users\/5"}],"replies":[{"embeddable":true,"href":"https:\/\/notinor.com\/jujuy\/wp-json\/wp\/v2\/comments?post=118431"}],"version-history":[{"count":1,"href":"https:\/\/notinor.com\/jujuy\/wp-json\/wp\/v2\/posts\/118431\/revisions"}],"predecessor-version":[{"id":118434,"href":"https:\/\/notinor.com\/jujuy\/wp-json\/wp\/v2\/posts\/118431\/revisions\/118434"}],"wp:featuredmedia":[{"embeddable":true,"href":"https:\/\/notinor.com\/jujuy\/wp-json\/wp\/v2\/media\/118432"}],"wp:attachment":[{"href":"https:\/\/notinor.com\/jujuy\/wp-json\/wp\/v2\/media?parent=118431"}],"wp:term":[{"taxonomy":"category","embeddable":true,"href":"https:\/\/notinor.com\/jujuy\/wp-json\/wp\/v2\/categories?post=118431"},{"taxonomy":"post_tag","embeddable":true,"href":"https:\/\/notinor.com\/jujuy\/wp-json\/wp\/v2\/tags?post=118431"}],"curies":[{"name":"wp","href":"https:\/\/api.w.org\/{rel}","templated":true}]}}