{"id":118369,"date":"2017-05-19T21:27:24","date_gmt":"2017-05-20T00:27:24","guid":{"rendered":"http:\/\/notinor.com\/jujuy\/?p=118369"},"modified":"2017-05-20T18:53:17","modified_gmt":"2017-05-20T21:53:17","slug":"figueroa-estamos-convocando-a-los-familiares-de-policias-para-nos-hagan-saber-cuales-son-problemas-actuales-de-los-activos","status":"publish","type":"post","link":"https:\/\/notinor.com\/jujuy\/figueroa-estamos-convocando-a-los-familiares-de-policias-para-nos-hagan-saber-cuales-son-problemas-actuales-de-los-activos\/","title":{"rendered":"Figueroa: \"Estamos convocando a los familiares de polic\u00edas para que nos hagan saber cuales son los problemas actuales\""},"content":{"rendered":"<p><a href=\"http:\/\/notinor.com\/jujuy\/wp-content\/uploads\/2017\/05\/WhatsApp-Image-2017-05-19-at-18.19.48.jpeg\"><img decoding=\"async\" loading=\"lazy\" class=\"alignnone size-large wp-image-118385\" src=\"http:\/\/notinor.com\/jujuy\/wp-content\/uploads\/2017\/05\/WhatsApp-Image-2017-05-19-at-18.19.48-1024x614.jpeg\" alt=\"WhatsApp Image 2017-05-19 at 18.19.48\" width=\"1024\" height=\"614\" srcset=\"https:\/\/notinor.com\/jujuy\/wp-content\/uploads\/2017\/05\/WhatsApp-Image-2017-05-19-at-18.19.48-1024x614.jpeg 1024w, https:\/\/notinor.com\/jujuy\/wp-content\/uploads\/2017\/05\/WhatsApp-Image-2017-05-19-at-18.19.48-300x180.jpeg 300w, https:\/\/notinor.com\/jujuy\/wp-content\/uploads\/2017\/05\/WhatsApp-Image-2017-05-19-at-18.19.48-416x250.jpeg 416w, https:\/\/notinor.com\/jujuy\/wp-content\/uploads\/2017\/05\/WhatsApp-Image-2017-05-19-at-18.19.48.jpeg 1280w\" sizes=\"(max-width: 1024px) 100vw, 1024px\" \/><\/a><\/p>\n<p>En dialogo con <strong>NOTINOR.COM,\u00a0<\/strong>el\u00a0Dr.\u00a0Pedro Octavio Figueroa, abogado previsional, expres\u00f3 los fundamentos que motivaron la charla\u00a0destinada al personal de las Fuerzas de Seguridad Provinciales.<\/p>\n<p>\"El tema de \u00e9sta convocatoria se me ocurri\u00f3 porque tengo consultas de retirados con relaci\u00f3n a la Ley de Retiro, una ley del a\u00f1o 1981, de Gobernador Fernando Urdapilleta, que permaneci\u00f3 porque nos pareci\u00f3 una ley aceptable cuando la revisamos en el a\u00f1o 1983 en la legislatura, donde yo era diputado. Pero ha pasado el tiempo y se han presentado situaciones de injusticia como es la del Articulo N\u00b02, que establece el descuento que paga un retiro del servicio es de un 14%, cuando el descuento de la Policia Federal de Salta es del 7%, en Catamarca 7%. \u00bfY porque Jujuy el 14%?. Eso va a significar que yo traduzca esa inquietud en un proyecto de ley para modificar ese articulo y ponerlo a tono con los aportes de las otras provincias\".<\/p>\n<p><a href=\"http:\/\/notinor.com\/jujuy\/wp-content\/uploads\/2014\/11\/casa-del-jubilado.jpg\"><img decoding=\"async\" loading=\"lazy\" class=\"alignnone size-full wp-image-5398\" src=\"http:\/\/notinor.com\/jujuy\/wp-content\/uploads\/2014\/11\/casa-del-jubilado.jpg\" alt=\"casa del jubilado\" width=\"900\" height=\"675\" srcset=\"https:\/\/notinor.com\/jujuy\/wp-content\/uploads\/2014\/11\/casa-del-jubilado.jpg 900w, https:\/\/notinor.com\/jujuy\/wp-content\/uploads\/2014\/11\/casa-del-jubilado-300x225.jpg 300w\" sizes=\"(max-width: 900px) 100vw, 900px\" \/><\/a><\/p>\n<p>Por otro lado, \"Se interpreta un art\u00edculo que es muy confuso, el art\u00edculo N\u00b0 46, que dice 'el retirado cobrar\u00e1 el 100% del Servicio cuando tenga C\u00e1tedras Universitarias', quiere decir que si ese cobra el 100% habr\u00e1 otros que cobran menos. Realmente p\u00e9simo el art\u00edculo, que por virtud de esto ANSES ha llamado algunos retirados para decirle o cobra el retiro o cobra el sueldo de donde trabaja. En el caso de los juicios que llevo, son retirados que trabajan en servicios de seguridad de entidades particulares como un banco, \u00bfentonces cual la incompatibilidad? la \u00fanica impatibilidad que se acepta es cuando el retirado pretende cobrar el retiro y un sueldo p\u00fablico. Es otro articulo que habr\u00e1 que eliminar o modificar la redacci\u00f3n\".<\/p>\n<p>A su vez, indic\u00f3 que existe un marco de acompa\u00f1amiento legal, \" y en un futuro vamos a planificar una charla para los familiares del personal en actividad, porque como los polic\u00edas en actividad no pueden tener gremio, cuando ellos tienen alg\u00fan reclamo que hacer lo hacen los familiares, entonces estamos convocando a los familiares tambi\u00e9n para ellos nos hagan saber cuales son problemas actuales de los activos. Buscar como solucionarlo amistosmente\".<\/p>\n<p>En este momento hay aproximadamente 18 mil personas, retirados y los pensionados de los retirados de las fuerzas p\u00fablicas de Seguridad.<\/p>\n","protected":false},"excerpt":{"rendered":"<p>En dialogo con NOTINOR.COM,\u00a0el\u00a0Dr.\u00a0Pedro Octavio Figueroa, abogado previsional, expres\u00f3 los fundamentos que motivaron la charla\u00a0destinada al personal de las Fuerzas de Seguridad Provinciales. \"El tema de \u00e9sta convocatoria se me ocurri\u00f3 porque tengo consultas de retirados con relaci\u00f3n a la Ley de Retiro, una ley del a\u00f1o 1981, de Gobernador Fernando Urdapilleta, que permaneci\u00f3 porque [&hellip;]<\/p>\n","protected":false},"author":1,"featured_media":118385,"comment_status":"open","ping_status":"open","sticky":false,"template":"","format":"standard","meta":{"_stopmodifiedupdate":false,"_modified_date":"","inline_featured_image":false},"categories":[493],"tags":[],"jetpack_featured_media_url":"https:\/\/notinor.com\/jujuy\/wp-content\/uploads\/2017\/05\/WhatsApp-Image-2017-05-19-at-18.19.48.jpeg","_links":{"self":[{"href":"https:\/\/notinor.com\/jujuy\/wp-json\/wp\/v2\/posts\/118369"}],"collection":[{"href":"https:\/\/notinor.com\/jujuy\/wp-json\/wp\/v2\/posts"}],"about":[{"href":"https:\/\/notinor.com\/jujuy\/wp-json\/wp\/v2\/types\/post"}],"author":[{"embeddable":true,"href":"https:\/\/notinor.com\/jujuy\/wp-json\/wp\/v2\/users\/1"}],"replies":[{"embeddable":true,"href":"https:\/\/notinor.com\/jujuy\/wp-json\/wp\/v2\/comments?post=118369"}],"version-history":[{"count":5,"href":"https:\/\/notinor.com\/jujuy\/wp-json\/wp\/v2\/posts\/118369\/revisions"}],"predecessor-version":[{"id":118452,"href":"https:\/\/notinor.com\/jujuy\/wp-json\/wp\/v2\/posts\/118369\/revisions\/118452"}],"wp:featuredmedia":[{"embeddable":true,"href":"https:\/\/notinor.com\/jujuy\/wp-json\/wp\/v2\/media\/118385"}],"wp:attachment":[{"href":"https:\/\/notinor.com\/jujuy\/wp-json\/wp\/v2\/media?parent=118369"}],"wp:term":[{"taxonomy":"category","embeddable":true,"href":"https:\/\/notinor.com\/jujuy\/wp-json\/wp\/v2\/categories?post=118369"},{"taxonomy":"post_tag","embeddable":true,"href":"https:\/\/notinor.com\/jujuy\/wp-json\/wp\/v2\/tags?post=118369"}],"curies":[{"name":"wp","href":"https:\/\/api.w.org\/{rel}","templated":true}]}}