{"id":11644,"date":"2015-01-07T22:33:06","date_gmt":"2015-01-08T01:33:06","guid":{"rendered":"http:\/\/notinor.com\/jujuy\/?p=11644"},"modified":"2015-01-07T22:33:06","modified_gmt":"2015-01-08T01:33:06","slug":"imputan-a-gils-carbo-por-haber-protegido-al-fiscal-antilavado","status":"publish","type":"post","link":"https:\/\/notinor.com\/jujuy\/imputan-a-gils-carbo-por-haber-protegido-al-fiscal-antilavado\/","title":{"rendered":"Imputan a Gils Carb\u00f3 por haber protegido al fiscal antilavado"},"content":{"rendered":"<p>En otro cap\u00edtulo de la disputa del Gobierno con la Justicia, el fiscal federal Guillermo Marijuan imput\u00f3 hoy a la procuradura general de la Naci\u00f3n, Alejandra Gils Carb\u00f3 , por los supuestos delitos de \"incumplimiento de deberes de funcionario p\u00fablico\" y \"abuso de autoridad\".<\/p>\n<p>Marijuan, que fue removido d\u00edas atr\u00e1s por la procuraci\u00f3n general de su cargo en la Unidad Fiscal de Investigaciones de la Seguridad Social (UFISES), imput\u00f3 a la jefa de fiscales por su actitud ante el pedido del juez Claudio Bonadio para que removiera al titular de la Procelac, Carlos Gonella.<\/p>\n<p>Marijuan act\u00faa en esta causa subrogando al fiscal federal Carlos R\u00edvolo, que se encuentra de licencia.<\/p>\n<h1><strong>LA DENUNCIA<\/strong><\/h1>\n<p>La causa se inici\u00f3 por una denuncia del juez Bonadio contra Gils Carb\u00f3, quien no habr\u00eda cumplido con el protocolo de procedimientos ante el pedido de remoci\u00f3n de un fiscal, en este caso, del titular de la Procuradur\u00eda de Criminalidad Econ\u00f3mica y Lavado de Activos (Procelac).<\/p>\n<p>Bonadio declar\u00f3 en rebeld\u00eda a Gonella, le prohibi\u00f3 la salida del pa\u00eds y pidi\u00f3 su juicio pol\u00edtico por no presentarse a declaraci\u00f3n indagatoria en una causa en la que el fiscal est\u00e1 acusado de violaci\u00f3n de secreto.<\/p>\n<p>El juez hizo el pedido de juicio pol\u00edtico de Gonella para que pierda la inmunidad de arresto que le da los fueros de fiscal y as\u00ed llevarlo a declarar por la fuerza p\u00fablica.<\/p>\n<p>Gils Carb\u00f3 rechaz\u00f3 lo solicitado por Bonadio y lo fundament\u00f3 en que el juez \"pretende criminalizar una actividad propia del Ministerio P\u00fablico Fiscal, cual es la pol\u00edtica institucional de rendir cuentas a la sociedad a partir de la difusi\u00f3n de noticias en el sitio web del MPF\".<\/p>\n<p>\"La persecuci\u00f3n penal por la difusi\u00f3n de noticias sobre la actuaci\u00f3n de los fiscales involucra el derecho a la libertad de expresi\u00f3n y acceso a la informaci\u00f3n p\u00fablica garantizado por la Constituci\u00f3n Nacional y los instrumentos internacionales de derechos humanos\", agreg\u00f3 Gils Carb\u00f3.<\/p>\n<p>La Procuradora record\u00f3 que los fiscales tienen inmunidad de arresto, otorgada por la Constituci\u00f3n Nacional, y que se trata de un resguardo para su actuaci\u00f3n y \"no un privilegio personal sino una garant\u00eda de los justiciables\". Adem\u00e1s, Gils Carb\u00f3 denunci\u00f3 a Bonadio en el Consejo de la Magistratura.<\/p>\n<p>Gonella ya apel\u00f3 la decisi\u00f3n del juez Bonadio para que sea revisada por la C\u00e1mara Federal.<\/p>\n<h1><strong>LA CAUSA CONTRA GONELLA<\/strong><\/h1>\n<p>El titular de la Procelac est\u00e1 acusado de la difusi\u00f3n p\u00fablica de una causa por presunto lavado de dinero contra familiares y allegados del empresario espa\u00f1ol Valent\u00edn Temes Coto, condenado a 20 a\u00f1os de prisi\u00f3n por \"Manzanas blancas\", el mayor caso de narcotr\u00e1fico del pa\u00eds.<\/p>\n<p>Entre los investigados se encuentra la jueza de instrucci\u00f3n Mar\u00eda Gabriela Lanz, pareja de Temes Coto, que denunci\u00f3 que el caso fue difundido por el sitio web.<\/p>\n<p>Gonella ya falt\u00f3 a cinco citaciones a indagatoria y bas\u00f3 sus ausencias en que hay recursos pendientes contra el juez y su investigaci\u00f3n, entre ellos un planteo de recusaci\u00f3n.<\/p>\n<p>Bonadio entendi\u00f3 que hay \"mala intenci\u00f3n\" por parte de Gonella para presentarse, por lo que lo declar\u00f3 rebelde, le prohibi\u00f3 la salida del pa\u00eds y le pidi\u00f3 a Gils Carb\u00f3 su juicio pol\u00edtico para que sea desaforado.<\/p>\n<p>Agencia DyN<\/p>\n","protected":false},"excerpt":{"rendered":"<p>En otro cap\u00edtulo de la disputa del Gobierno con la Justicia, el fiscal federal Guillermo Marijuan imput\u00f3 hoy a la procuradura general de la Naci\u00f3n, Alejandra Gils Carb\u00f3 , por los supuestos delitos de \"incumplimiento de deberes de funcionario p\u00fablico\" y \"abuso de autoridad\". Marijuan, que fue removido d\u00edas atr\u00e1s por la procuraci\u00f3n general de [&hellip;]<\/p>\n","protected":false},"author":1,"featured_media":11074,"comment_status":"open","ping_status":"open","sticky":false,"template":"","format":"standard","meta":{"_stopmodifiedupdate":false,"_modified_date":"","inline_featured_image":false,"spay_email":"","jetpack_publicize_message":""},"categories":[5],"tags":[],"jetpack_featured_media_url":"https:\/\/notinor.com\/jujuy\/wp-content\/uploads\/2015\/01\/gils-carbo-enojada.jpg","jetpack_publicize_connections":[],"_links":{"self":[{"href":"https:\/\/notinor.com\/jujuy\/wp-json\/wp\/v2\/posts\/11644"}],"collection":[{"href":"https:\/\/notinor.com\/jujuy\/wp-json\/wp\/v2\/posts"}],"about":[{"href":"https:\/\/notinor.com\/jujuy\/wp-json\/wp\/v2\/types\/post"}],"author":[{"embeddable":true,"href":"https:\/\/notinor.com\/jujuy\/wp-json\/wp\/v2\/users\/1"}],"replies":[{"embeddable":true,"href":"https:\/\/notinor.com\/jujuy\/wp-json\/wp\/v2\/comments?post=11644"}],"version-history":[{"count":1,"href":"https:\/\/notinor.com\/jujuy\/wp-json\/wp\/v2\/posts\/11644\/revisions"}],"predecessor-version":[{"id":11645,"href":"https:\/\/notinor.com\/jujuy\/wp-json\/wp\/v2\/posts\/11644\/revisions\/11645"}],"wp:featuredmedia":[{"embeddable":true,"href":"https:\/\/notinor.com\/jujuy\/wp-json\/wp\/v2\/media\/11074"}],"wp:attachment":[{"href":"https:\/\/notinor.com\/jujuy\/wp-json\/wp\/v2\/media?parent=11644"}],"wp:term":[{"taxonomy":"category","embeddable":true,"href":"https:\/\/notinor.com\/jujuy\/wp-json\/wp\/v2\/categories?post=11644"},{"taxonomy":"post_tag","embeddable":true,"href":"https:\/\/notinor.com\/jujuy\/wp-json\/wp\/v2\/tags?post=11644"}],"curies":[{"name":"wp","href":"https:\/\/api.w.org\/{rel}","templated":true}]}}