{"id":11638,"date":"2015-01-07T22:30:58","date_gmt":"2015-01-08T01:30:58","guid":{"rendered":"http:\/\/notinor.com\/jujuy\/?p=11638"},"modified":"2015-01-07T22:31:17","modified_gmt":"2015-01-08T01:31:17","slug":"se-acentua-la-devaluacion-oficial-y-el-bcra-inyecto-us100-millones-en-3-dias","status":"publish","type":"post","link":"https:\/\/notinor.com\/jujuy\/se-acentua-la-devaluacion-oficial-y-el-bcra-inyecto-us100-millones-en-3-dias\/","title":{"rendered":"Se acent\u00faa la devaluaci\u00f3n oficial y el BCRA inyect\u00f3 US$100 millones en 3 d\u00edas"},"content":{"rendered":"<p class=\"title\">CIUDAD DE BUENOS AIRES (<strong>Urgente24<\/strong>). El Gobierno Nacional sostiene que no va a aplicar una devaluaci\u00f3n brusca. Aunque desde que se inici\u00f3 el a\u00f1o profundiz\u00f3 su esquema de microdepreciaci\u00f3n del peso. Peque\u00f1as devaluaciones diarias.<\/p>\n<p class=\"title\"><a href=\"http:\/\/notinor.com\/jujuy\/wp-content\/uploads\/2015\/01\/central-baldedolares_0.jpg\"><img decoding=\"async\" loading=\"lazy\" class=\"alignnone size-full wp-image-11641\" src=\"http:\/\/notinor.com\/jujuy\/wp-content\/uploads\/2015\/01\/central-baldedolares_0.jpg\" alt=\"central-baldedolares_0\" width=\"622\" height=\"342\" srcset=\"https:\/\/notinor.com\/jujuy\/wp-content\/uploads\/2015\/01\/central-baldedolares_0.jpg 622w, https:\/\/notinor.com\/jujuy\/wp-content\/uploads\/2015\/01\/central-baldedolares_0-300x164.jpg 300w\" sizes=\"(max-width: 622px) 100vw, 622px\" \/><\/a><\/p>\n<div>La divisa en el mercado formal gan\u00f3 este mi\u00e9rcoles un 0,12% y cerr\u00f3 en $8,585. En el 1er d\u00eda del a\u00f1o, cotizaba en $8,5557.<\/div>\n<div><\/div>\n<div>La suba no fue gratuita para el Banco Central, que habr\u00eda puesto al servicio de contener el alza unos US$54 millones. El martes inyect\u00f3 US$34 millones y un d\u00eda antes, US$10 millones.<\/div>\n<div><\/div>\n<div>Por su parte, el d\u00f3lar 'libre' o 'blue' cerr\u00f3 al alza en $13,85.<\/div>\n<div><\/div>\n<div>Se especula con que el Gobierno utilizar\u00e1 en este a\u00f1o electoral y como en los \u00faltimos meses, al d\u00f3lar como ancla contra la inflaci\u00f3n, que las consultoras privadas estiman que este a\u00f1o no ser\u00e1 inferior al 30%.<\/div>\n<div><\/div>\n<div>De todos modos, la decisi\u00f3n del Banco Central es no mantener el tipo de cambio totalmente quieto. De ah\u00ed que se produzcan leves correciones diarias, que el organismo mantiene a raya con oportunas ventas de divisas.<\/div>\n<div><\/div>\n<div>De acuerdo al Presupuesto de este a\u00f1o, en promedio, el valor del d\u00f3lar rondar\u00eda los $9,45.<\/div>\n<div><\/div>\n<div>Pero la devaluaci\u00f3n del real en Brasil podr\u00eda poner una mayor presi\u00f3n a la cotizaci\u00f3n de este lado, de lo contrario la Argentina corre el riesgo de que sus productos queden demasiado caros en d\u00f3lares para su principal socio comercial.<\/div>\n<div><\/div>\n<div>El d\u00f3lar comercial sub\u00eda este mi\u00e9rcoles un 0,03% hasta los 2,7030 reales.<\/div>\n","protected":false},"excerpt":{"rendered":"<p>CIUDAD DE BUENOS AIRES (Urgente24). El Gobierno Nacional sostiene que no va a aplicar una devaluaci\u00f3n brusca. Aunque desde que se inici\u00f3 el a\u00f1o profundiz\u00f3 su esquema de microdepreciaci\u00f3n del peso. Peque\u00f1as devaluaciones diarias. La divisa en el mercado formal gan\u00f3 este mi\u00e9rcoles un 0,12% y cerr\u00f3 en $8,585. En el 1er d\u00eda del a\u00f1o, [&hellip;]<\/p>\n","protected":false},"author":1,"featured_media":11641,"comment_status":"open","ping_status":"open","sticky":false,"template":"","format":"standard","meta":{"_stopmodifiedupdate":false,"_modified_date":"","inline_featured_image":false,"spay_email":"","jetpack_publicize_message":""},"categories":[5],"tags":[],"jetpack_featured_media_url":"https:\/\/notinor.com\/jujuy\/wp-content\/uploads\/2015\/01\/central-baldedolares_0.jpg","jetpack_publicize_connections":[],"_links":{"self":[{"href":"https:\/\/notinor.com\/jujuy\/wp-json\/wp\/v2\/posts\/11638"}],"collection":[{"href":"https:\/\/notinor.com\/jujuy\/wp-json\/wp\/v2\/posts"}],"about":[{"href":"https:\/\/notinor.com\/jujuy\/wp-json\/wp\/v2\/types\/post"}],"author":[{"embeddable":true,"href":"https:\/\/notinor.com\/jujuy\/wp-json\/wp\/v2\/users\/1"}],"replies":[{"embeddable":true,"href":"https:\/\/notinor.com\/jujuy\/wp-json\/wp\/v2\/comments?post=11638"}],"version-history":[{"count":2,"href":"https:\/\/notinor.com\/jujuy\/wp-json\/wp\/v2\/posts\/11638\/revisions"}],"predecessor-version":[{"id":11643,"href":"https:\/\/notinor.com\/jujuy\/wp-json\/wp\/v2\/posts\/11638\/revisions\/11643"}],"wp:featuredmedia":[{"embeddable":true,"href":"https:\/\/notinor.com\/jujuy\/wp-json\/wp\/v2\/media\/11641"}],"wp:attachment":[{"href":"https:\/\/notinor.com\/jujuy\/wp-json\/wp\/v2\/media?parent=11638"}],"wp:term":[{"taxonomy":"category","embeddable":true,"href":"https:\/\/notinor.com\/jujuy\/wp-json\/wp\/v2\/categories?post=11638"},{"taxonomy":"post_tag","embeddable":true,"href":"https:\/\/notinor.com\/jujuy\/wp-json\/wp\/v2\/tags?post=11638"}],"curies":[{"name":"wp","href":"https:\/\/api.w.org\/{rel}","templated":true}]}}