{"id":11637,"date":"2015-01-07T22:30:18","date_gmt":"2015-01-08T01:30:18","guid":{"rendered":"http:\/\/notinor.com\/jujuy\/?p=11637"},"modified":"2015-01-07T22:30:18","modified_gmt":"2015-01-08T01:30:18","slug":"magistrados-presentaron-un-pedido-de-amparo-contra-la-designacion-de-nuevos-fiscales","status":"publish","type":"post","link":"https:\/\/notinor.com\/jujuy\/magistrados-presentaron-un-pedido-de-amparo-contra-la-designacion-de-nuevos-fiscales\/","title":{"rendered":"Magistrados presentaron un pedido de amparo contra la designaci\u00f3n de nuevos fiscales"},"content":{"rendered":"<p>En el \u00faltimo d\u00eda h\u00e1bil de 2014, Alejandra Gils Carb\u00f3 nombr\u00f3 16 nuevos fiscales en un movimiento que levant\u00f3 duros cuestionamientos al interior de la Justicia. Los opositores a la jugada encontraron dificultades para actuar por la feria judicial que acababa de comenzar. Pero ahora, siete d\u00edas despu\u00e9s, la Asociaci\u00f3n de Magistrados present\u00f3 un pedido de amparo para intentar frenar las designaciones.<\/p>\n<p>Durante la feria, el tr\u00e1mite quedar\u00e1 a cargo del juez Enrique Lavi\u00e9 Pico. Una vez que haya finalizado, la titular del juzgado Contencioso Administrativo N\u00ba3, Claudia Rodr\u00edguez Vidal, se har\u00e1 cargo del tr\u00e1mite, seg\u00fan defini\u00f3 el sorteo realizado este mi\u00e9rcoles en Tribunales.<\/p>\n<p>En su presentaci\u00f3n, la Asociaci\u00f3n de Magistrados advirti\u00f3 que Gils Carb\u00f3 realiz\u00f3 los nombramientos en base al nuevo C\u00f3digo Procesal Penal que todav\u00eda no entr\u00f3 en vigencia. \"La ley de implementaci\u00f3n no fue dictada hasta la fecha. Por ende, las Resoluciones del Ministerio P\u00fablico que habilitan las fiscal\u00edas creadas en el Anexo II de la Ley 27.063 resultan nulas de nulidad absoluta por carecer del elemento causa\", se\u00f1alaron en el escrito al que tuvo acceso Infobae.<\/p>\n<p>\"Estamos pidiendo una medida cautelar por la premura. Que no se permita que el 2 de febrero los fiscales designados puedan asumir como fiscales subrogantes\", explic\u00f3 el vicepresidente de la asociaci\u00f3n, Ricardo S\u00e1enz, en InfobaeTV.<\/p>\n<p>El documento, firmado por el titular de la entidad, Ricardo Recondo, adem\u00e1s se\u00f1ala: \"Otro de los vicios que pueden detectarse a primera vista es la ausencia de motivaci\u00f3n de las Resoluciones que habilitan cargos cuando todav\u00eda no ha entrado en vigencia la Reforma al C\u00f3digo Procesal Penal. La motivaci\u00f3n, como elemento esencial del acto administrativo, tambi\u00e9n se encuentra viciada\".<\/p>\n<p>Como hab\u00eda anticipado Infobae, el recurso de amparo fue acordado este lunes por los dirigentes de la asociaci\u00f3n. En la reuni\u00f3n que se realiz\u00f3 en Tribunales estuvieron presentes el propio Recondo, junto al vicepresidente por los fiscales, Ricardo S\u00e1enz, el representante de los jueces, Alejandro Sudera, el de los defensores, Gustavo Kollman, y el vicepresidente por los funcionarios, Mariano P\u00e9rez Roller.<\/p>\n<p>No fue un buen d\u00eda para Gils Carb\u00f3: casi al mismo tiempo que el gremio de los jueces solicitaba el amparo, el fiscal Guillermo Mariju\u00e1n resolvi\u00f3 imputarla por la denuncia que realiz\u00f3 el juez Claudio Bonadio. El magistrado solicit\u00f3 que se determine si la procuradora aplic\u00f3 la reglamentaci\u00f3n correspondiente para el proceso de remoci\u00f3n del tambi\u00e9n fiscal Carlos Gonella.<\/p>\n","protected":false},"excerpt":{"rendered":"<p>En el \u00faltimo d\u00eda h\u00e1bil de 2014, Alejandra Gils Carb\u00f3 nombr\u00f3 16 nuevos fiscales en un movimiento que levant\u00f3 duros cuestionamientos al interior de la Justicia. Los opositores a la jugada encontraron dificultades para actuar por la feria judicial que acababa de comenzar. Pero ahora, siete d\u00edas despu\u00e9s, la Asociaci\u00f3n de Magistrados present\u00f3 un pedido [&hellip;]<\/p>\n","protected":false},"author":1,"featured_media":11639,"comment_status":"open","ping_status":"open","sticky":false,"template":"","format":"standard","meta":{"_stopmodifiedupdate":false,"_modified_date":"","inline_featured_image":false,"spay_email":"","jetpack_publicize_message":""},"categories":[5],"tags":[],"jetpack_featured_media_url":"https:\/\/notinor.com\/jujuy\/wp-content\/uploads\/2015\/01\/magistrados-ricardo-saenz.jpg","jetpack_publicize_connections":[],"_links":{"self":[{"href":"https:\/\/notinor.com\/jujuy\/wp-json\/wp\/v2\/posts\/11637"}],"collection":[{"href":"https:\/\/notinor.com\/jujuy\/wp-json\/wp\/v2\/posts"}],"about":[{"href":"https:\/\/notinor.com\/jujuy\/wp-json\/wp\/v2\/types\/post"}],"author":[{"embeddable":true,"href":"https:\/\/notinor.com\/jujuy\/wp-json\/wp\/v2\/users\/1"}],"replies":[{"embeddable":true,"href":"https:\/\/notinor.com\/jujuy\/wp-json\/wp\/v2\/comments?post=11637"}],"version-history":[{"count":1,"href":"https:\/\/notinor.com\/jujuy\/wp-json\/wp\/v2\/posts\/11637\/revisions"}],"predecessor-version":[{"id":11640,"href":"https:\/\/notinor.com\/jujuy\/wp-json\/wp\/v2\/posts\/11637\/revisions\/11640"}],"wp:featuredmedia":[{"embeddable":true,"href":"https:\/\/notinor.com\/jujuy\/wp-json\/wp\/v2\/media\/11639"}],"wp:attachment":[{"href":"https:\/\/notinor.com\/jujuy\/wp-json\/wp\/v2\/media?parent=11637"}],"wp:term":[{"taxonomy":"category","embeddable":true,"href":"https:\/\/notinor.com\/jujuy\/wp-json\/wp\/v2\/categories?post=11637"},{"taxonomy":"post_tag","embeddable":true,"href":"https:\/\/notinor.com\/jujuy\/wp-json\/wp\/v2\/tags?post=11637"}],"curies":[{"name":"wp","href":"https:\/\/api.w.org\/{rel}","templated":true}]}}