{"id":11634,"date":"2015-01-07T22:25:06","date_gmt":"2015-01-08T01:25:06","guid":{"rendered":"http:\/\/notinor.com\/jujuy\/?p=11634"},"modified":"2015-01-07T22:25:06","modified_gmt":"2015-01-08T01:25:06","slug":"elisa-carrio-insistio-con-su-estrategia-hay-que-juntar-a-mas-del-50-de-los-argentinos-que-no-son-del-pj","status":"publish","type":"post","link":"https:\/\/notinor.com\/jujuy\/elisa-carrio-insistio-con-su-estrategia-hay-que-juntar-a-mas-del-50-de-los-argentinos-que-no-son-del-pj\/","title":{"rendered":"Elisa Carri\u00f3 insisti\u00f3 con su estrategia: \"Hay que juntar a m\u00e1s del 50% de los argentinos que no son del PJ\""},"content":{"rendered":"<p>Con un futuro incierto, tras autoexcluirse como presidenciable del espacio UNEN y en medio de las idas y vueltas con el macrismo, la diputada Elisa Carri\u00f3 se mostr\u00f3 con un look veraniego e hizo una recorrida por la provincia para reforzar las filas de la Coalici\u00f3n C\u00edvica-ARI.<\/p>\n<p>Carri\u00f3 insisti\u00f3 en que \"hay que salvar a la Rep\u00fablica del PJ\" y pidi\u00f3 \"una concertaci\u00f3n m\u00e1s amplia y que la sociedad decida a qu\u00e9 l\u00edder entrega su confianza para reinventar la Argentina Republicana\".<\/p>\n<p>Lilita volvi\u00f3 hoy a la actividad proselitista y se reuni\u00f3 con vecinos de la localidad de 25 de Mayo y busca de afiliaciones a la CC.<\/p>\n<p>Carri\u00f3 aprovech\u00f3 para embestir contra UNEN, su espacio a nivel nacional hasta hace meses atr\u00e1s, cuando dio el portazo. \"Los que nos plantean s\u00f3lo UNEN, pareciera ser, que tienen acuerdos por abajo con sectores del PJ\", dijo en Twitter.<\/p>\n<p>E insisti\u00f3 en su estrategia: \"Hay que poder juntar a m\u00e1s del 50% de los argentinos que no son del PJ\". \"La gobernabilidad futura de la Argentina depende de una concertaci\u00f3n m\u00e1s amplia y del car\u00e1cter para enfrentar lo que viene\", agreg\u00f3.<\/p>\n<p>Las declaraciones de Carri\u00f3 llegan en medio de la incertidumbre de su relaci\u00f3n con el Pro. D\u00edas atr\u00e1s, la diputada dijo que \"no conf\u00eda\" en Mauricio Macri, aunque mantuvo la idea de confluir en una interna presidencial en abril pr\u00f3ximo.<\/p>\n<p>\"Yo no conf\u00edo en Macri, soy una estratega (...). Conf\u00edo en una estrategia que abra la posibilidad republicana. Despu\u00e9s de abril, cuando est\u00e9 el acuerdo, la sociedad va a poder elegir a qui\u00e9n quiere que conduzca\", hab\u00eda dicho Carri\u00f3.<\/p>\n","protected":false},"excerpt":{"rendered":"<p>Con un futuro incierto, tras autoexcluirse como presidenciable del espacio UNEN y en medio de las idas y vueltas con el macrismo, la diputada Elisa Carri\u00f3 se mostr\u00f3 con un look veraniego e hizo una recorrida por la provincia para reforzar las filas de la Coalici\u00f3n C\u00edvica-ARI. Carri\u00f3 insisti\u00f3 en que \"hay que salvar a [&hellip;]<\/p>\n","protected":false},"author":1,"featured_media":11635,"comment_status":"open","ping_status":"open","sticky":false,"template":"","format":"standard","meta":{"_stopmodifiedupdate":false,"_modified_date":"","inline_featured_image":false,"spay_email":"","jetpack_publicize_message":""},"categories":[5],"tags":[],"jetpack_featured_media_url":"https:\/\/notinor.com\/jujuy\/wp-content\/uploads\/2015\/01\/carrio-twit.jpg","jetpack_publicize_connections":[],"_links":{"self":[{"href":"https:\/\/notinor.com\/jujuy\/wp-json\/wp\/v2\/posts\/11634"}],"collection":[{"href":"https:\/\/notinor.com\/jujuy\/wp-json\/wp\/v2\/posts"}],"about":[{"href":"https:\/\/notinor.com\/jujuy\/wp-json\/wp\/v2\/types\/post"}],"author":[{"embeddable":true,"href":"https:\/\/notinor.com\/jujuy\/wp-json\/wp\/v2\/users\/1"}],"replies":[{"embeddable":true,"href":"https:\/\/notinor.com\/jujuy\/wp-json\/wp\/v2\/comments?post=11634"}],"version-history":[{"count":1,"href":"https:\/\/notinor.com\/jujuy\/wp-json\/wp\/v2\/posts\/11634\/revisions"}],"predecessor-version":[{"id":11636,"href":"https:\/\/notinor.com\/jujuy\/wp-json\/wp\/v2\/posts\/11634\/revisions\/11636"}],"wp:featuredmedia":[{"embeddable":true,"href":"https:\/\/notinor.com\/jujuy\/wp-json\/wp\/v2\/media\/11635"}],"wp:attachment":[{"href":"https:\/\/notinor.com\/jujuy\/wp-json\/wp\/v2\/media?parent=11634"}],"wp:term":[{"taxonomy":"category","embeddable":true,"href":"https:\/\/notinor.com\/jujuy\/wp-json\/wp\/v2\/categories?post=11634"},{"taxonomy":"post_tag","embeddable":true,"href":"https:\/\/notinor.com\/jujuy\/wp-json\/wp\/v2\/tags?post=11634"}],"curies":[{"name":"wp","href":"https:\/\/api.w.org\/{rel}","templated":true}]}}