{"id":11623,"date":"2015-01-07T22:17:00","date_gmt":"2015-01-08T01:17:00","guid":{"rendered":"http:\/\/notinor.com\/jujuy\/?p=11623"},"modified":"2015-01-07T22:17:00","modified_gmt":"2015-01-08T01:17:00","slug":"hollande-sobre-el-atentado-a-la-revista-charlie-hebdo-murieron-por-el-ideal-de-francia-la-libertad","status":"publish","type":"post","link":"https:\/\/notinor.com\/jujuy\/hollande-sobre-el-atentado-a-la-revista-charlie-hebdo-murieron-por-el-ideal-de-francia-la-libertad\/","title":{"rendered":"Hollande, sobre el atentado a la revista Charlie Hebdo: \"Murieron por el ideal de Francia, la libertad\""},"content":{"rendered":"<p>\"Queremos expresarles nuestra gratitud a aquellas familias que perdieron a sus seres queridos. Ma\u00f1ana ser\u00e1 un d\u00eda de duelo nacional y quiero invitar al todo el pueblo de Francia a unirse\", asegur\u00f3 el presidente de Francia, Fran\u00e7ois Hollande.<\/p>\n<p>En su segundo pronunciamiento p\u00fablico desde el atentado a la redacci\u00f3n de la revista de s\u00e1tira Charlie Hebdo, en el que murieron 12 personas, el mandatario galo afirm\u00f3 que toda la republica francesa \"ha sido atacada por su ideal de justicia, democracia y libertad de expresi\u00f3n\".<\/p>\n<p>\"Nuestra respuesta es este mensaje de paz y tolerancia, que nosotros defendemos\", agreg\u00f3. Adem\u00e1s, asegur\u00f3 que el pueblo franc\u00e9s debe reaccionar m\u00e1s unido que nunca. \"Debemos estar por encima de estos cr\u00edmenes. Estamos persiguiendo a los asesinos de este horrendo crimen y los llevaremos a la Justicia. Haremos todo lo posible para arrestarlos\".<\/p>\n<p>El gobierno de Francia, seg\u00fan confirm\u00f3 el presidente, ha establecido medidas de seguridad \"en todas partes donde puede haber una amenaza\".<\/p>\n<p>Esta ma\u00f1ana, hombres fuertemente armados y encapuchados irrumpieron en la sede de la revista sat\u00edrica Charlie Hebdo en Par\u00eds, que seg\u00fan testigos gritaron \"\u00a1Vengamos al profeta!\". Seg\u00fan informan fuentes judiciales a la agencia AFP, entre los fallecidos se encuentra el director del semanario sat\u00edrico, St\u00e9phane Charbonnier, alias \"Charb\", y otros tres dibujantes: Jean Cabut, Georges Wolinski y Tignous.<\/p>\n<p>Otra de las v\u00edctimas del atentado es el economista, escritor y periodista Bernard Maris, nacido en Toulouse, quien era accionista de la revista. Adem\u00e1s, murieron polic\u00edas que vigilaban la zona. Un video filmado por un vecino muestra claramente c\u00f3mo uno de los atacantes ejecuta a uno de los oficiales que estaba herido en el suelo.<\/p>\n<p>La revista hab\u00eda sido amenazada varias veces por grupos extremistas y en noviembre de 2011 sufri\u00f3 un ataque al ser incendiada su sede.<\/p>\n<p>M\u00e1s temprano, Hollande se hizo presente en el lugar del ataque para apoyar a los redactores del medio. Y el Gobierno determin\u00f3 elevar el alerta antiterrorista al m\u00e1ximo nivel en Par\u00eds. Se trata de uno de los peores ataques extremistas de la historia de Francia.<\/p>\n","protected":false},"excerpt":{"rendered":"<p>\"Queremos expresarles nuestra gratitud a aquellas familias que perdieron a sus seres queridos. Ma\u00f1ana ser\u00e1 un d\u00eda de duelo nacional y quiero invitar al todo el pueblo de Francia a unirse\", asegur\u00f3 el presidente de Francia, Fran\u00e7ois Hollande. En su segundo pronunciamiento p\u00fablico desde el atentado a la redacci\u00f3n de la revista de s\u00e1tira Charlie [&hellip;]<\/p>\n","protected":false},"author":1,"featured_media":11626,"comment_status":"open","ping_status":"open","sticky":false,"template":"","format":"standard","meta":{"_stopmodifiedupdate":false,"_modified_date":"","inline_featured_image":false,"spay_email":"","jetpack_publicize_message":""},"categories":[6],"tags":[],"jetpack_featured_media_url":"https:\/\/notinor.com\/jujuy\/wp-content\/uploads\/2015\/01\/hollande-charlie-hebdo.jpg","jetpack_publicize_connections":[],"_links":{"self":[{"href":"https:\/\/notinor.com\/jujuy\/wp-json\/wp\/v2\/posts\/11623"}],"collection":[{"href":"https:\/\/notinor.com\/jujuy\/wp-json\/wp\/v2\/posts"}],"about":[{"href":"https:\/\/notinor.com\/jujuy\/wp-json\/wp\/v2\/types\/post"}],"author":[{"embeddable":true,"href":"https:\/\/notinor.com\/jujuy\/wp-json\/wp\/v2\/users\/1"}],"replies":[{"embeddable":true,"href":"https:\/\/notinor.com\/jujuy\/wp-json\/wp\/v2\/comments?post=11623"}],"version-history":[{"count":1,"href":"https:\/\/notinor.com\/jujuy\/wp-json\/wp\/v2\/posts\/11623\/revisions"}],"predecessor-version":[{"id":11627,"href":"https:\/\/notinor.com\/jujuy\/wp-json\/wp\/v2\/posts\/11623\/revisions\/11627"}],"wp:featuredmedia":[{"embeddable":true,"href":"https:\/\/notinor.com\/jujuy\/wp-json\/wp\/v2\/media\/11626"}],"wp:attachment":[{"href":"https:\/\/notinor.com\/jujuy\/wp-json\/wp\/v2\/media?parent=11623"}],"wp:term":[{"taxonomy":"category","embeddable":true,"href":"https:\/\/notinor.com\/jujuy\/wp-json\/wp\/v2\/categories?post=11623"},{"taxonomy":"post_tag","embeddable":true,"href":"https:\/\/notinor.com\/jujuy\/wp-json\/wp\/v2\/tags?post=11623"}],"curies":[{"name":"wp","href":"https:\/\/api.w.org\/{rel}","templated":true}]}}