{"id":11619,"date":"2015-01-07T22:07:57","date_gmt":"2015-01-08T01:07:57","guid":{"rendered":"http:\/\/notinor.com\/jujuy\/?p=11619"},"modified":"2015-01-07T22:07:57","modified_gmt":"2015-01-08T01:07:57","slug":"lideres-mundiales-condenan-el-brutal-atentado-contra-la-revista-charlie-hebdo","status":"publish","type":"post","link":"https:\/\/notinor.com\/jujuy\/lideres-mundiales-condenan-el-brutal-atentado-contra-la-revista-charlie-hebdo\/","title":{"rendered":"L\u00edderes mundiales condenan el brutal atentado contra la revista Charlie Hebdo"},"content":{"rendered":"<p>LONDRES \/ WASHINGTON.- El brutal atentado contra la revista sat\u00edrica francesa Charlie Hebdo , en pleno coraz\u00f3n de Par\u00eds, esta ma\u00f1ana, despert\u00f3 una fuerte conmoci\u00f3n y condena internacional.<\/p>\n<p>El primer ministro brit\u00e1nico, David Cameron , conden\u00f3 el ataque en el que dos hombres armados mataron a por lo menos 12 personas y consider\u00f3 que \"los asesinatos de Par\u00eds son repugnantes\".<\/p>\n<p>\"Apoyamos al pueblo franc\u00e9s en la lucha contra el terror y la defensa de la libertad de prensa\", dijo el premier conservador.<\/p>\n<p>Por su parte, el viceprimer ministro brit\u00e1nico, Nick Clegg, consider\u00f3 que los asesinatos son un \"acto barb\u00e1rico contra la libertad de expresi\u00f3n\".<\/p>\n<p>En tanto, en Estados Unidos, la Casa Blanca conden\u00f3 \"en los t\u00e9rminos m\u00e1s fuertes\" el ataque y se solidariz\u00f3 \"con las familias de todos los que resultaron muertos o heridos en este ataque\", declar\u00f3 Josh Earnest, portavoz del presidente estadounidense, Barack Obama , en la cadena MSNBC.<\/p>\n<p>\"Estados Unidos est\u00e1 dispuesto a colaborar con los franceses para ayudarlos en la investigaci\u00f3n\", a\u00f1adi\u00f3 el portavoz.<\/p>\n<p>Para el Vaticano, se trat\u00f3 de un ataque \"execrable\", afirm\u00f3 la sala de prensa de la Santa Sede, que en las pr\u00f3ximas horas har\u00e1 una declaraci\u00f3n oficial de la Santa Sede.<\/p>\n<p>El presidente ruso, Vladimir Putin , \"conden\u00f3 en\u00e9rgicamente este crimen c\u00ednico y reiter\u00f3 la disposici\u00f3n [de Rusia] a seguir con la cooperaci\u00f3n activa en la lucha contra la amenaza del terrorismo\", seg\u00fan un comunicado hecho p\u00fablico por el Kremlin.<\/p>\n<p>Vlad\u00edmir Putin \"ha remitido palabras de condolencia y apoyo a los familiares y allegados de los fallecidos y deseado una pronta curaci\u00f3n a todos los que han sufrido a manos de los extremistas\", agreg\u00f3.<\/p>\n<h1><strong>\"ABOMINABLE\"<\/strong><\/h1>\n<p>La canciller alemana, Angela Merkel, expres\u00f3 hoy su m\u00e1s rotunda condena al atentado, al que calific\u00f3 de \"ataque contra la libertad de prensa y expresi\u00f3n\", dos \"puntales de la \"sociedad democr\u00e1tica\".<\/p>\n<p>El atentado sufrido en la sede de esa publicaci\u00f3n en Par\u00eds es absolutamente \"injustificable\", destac\u00f3 la canciller en un mensaje enviado al presidente franc\u00e9s, Fran\u00e7ois Hollande, donde le expresa su \"conmoci\u00f3n\".<\/p>\n<p>El ataque es un \"acto abominable\", donde adem\u00e1s de haberse atentado \"contra la vida de ciudadanos y ciudadanas francesas\", as\u00ed como la seguridad nacional del pa\u00eds, se pretende hacerlo contra la libertad de prensa y expresi\u00f3n.<\/p>\n<p>\"Quiero expresarle, a usted y a sus compatriotas, las condolencias de los ciudadanos alemanes y las m\u00edas personales\", prosigue el mensaje, difundido por la Canciller\u00eda.<\/p>\n<h1><strong>\"VIL Y COBARDE\"<\/strong><\/h1>\n<p>El gobierno del presidente espa\u00f1ol, Mariano Rajoy, expres\u00f3 hoy su m\u00e1s en\u00e9rgica condena contra lo que consider\u00f3 un acto \"vil y cobarde\".<\/p>\n<p>\"Mi firme condena al atentado terrorista en Par\u00eds y mis condolencias y solidaridad al pueblo franc\u00e9s por las v\u00edctimas. Espa\u00f1a con Francia\", escribi\u00f3 Rajoy en Twitter.<\/p>\n<p>El Ministerio de Asuntos Exteriores, en un comunicado, manifiesta que ha recibido con horror las noticias del atentado, y expresa su m\u00e1s en\u00e9rgica condena ante la actuaci\u00f3n de dos hombres armados que irrumpieron en la sede del semanario.<\/p>\n<p>El gobierno de Rajoy apuesta \"hoy con m\u00e1s rotundidad que nunca por la libertad de prensa como un derecho fundamental e irrenunciable\" y reitera su \"repulsa categ\u00f3rica ante cualquier tipo de acto terrorista, sea cual sea el lugar en que se produzca e independientemente de las motivaciones subyacentes\".<\/p>\n<p>El jefe de gobierno italiano, Matteo Renzi, manifest\u00f3 \"horror y consternaci\u00f3n\" por el ataque y expres\u00f3 su solidaridad a Francia por el atentado contra \"la libertad\".<\/p>\n<p>\"Horror y consternaci\u00f3n por la masacre cometida en Par\u00eds, total cercan\u00eda a Hollande en este momento terrible, la violencia perder\u00e1 siempre contra la libertad\" escribi\u00f3 en un tuit.<\/p>\n<h1><strong>EN AM\u00c9RICA LATINA<\/strong><\/h1>\n<p>En Am\u00e9rica latina, las primeras reacciones llegaron de Chile y Brasil.<\/p>\n<p>La presidenta chilena, Michelle Bachelet, se declar\u00f3 consternada y envi\u00f3 sus condolencias. \"Mis grandes condolencias por el pesar y el dolor que est\u00e1n viviendo el pueblo franc\u00e9s y el gobierno franc\u00e9s en este momento\", dijo en Santiago.<\/p>\n<p>En tanto, la presidenta brasile\u00f1a, Dilma Rousseff, calific\u00f3 de \"acto de barbarie\" el \"sangriento\" e \"intolerable\" atentado a Charlie Hebdo.<\/p>\n<p>\"Con profundo pesar e indignaci\u00f3n supe del sangriento e intolerable atentado terrorista ocurrido este mi\u00e9rcoles (...). Este acto de barbarie, adem\u00e1s de las lamentables p\u00e9rdidas humanas, es un inaceptable ataque a un valor fundamental de las sociedades democr\u00e1ticas, la libertad de prensa\", indic\u00f3 la mandataria en un comunicado oficial.<\/p>\n<h1><strong>LA UNI\u00d3N EUROPEA<\/strong><\/h1>\n<p>En el seno de la Uni\u00f3n Europea, el presidente del parlamento europeo, Martin Schulz, se manifest\u00f3 \"profundamente shockeado por el ataque asesino contra Charlie Hebdo\", mientras que el presidente de la Comisi\u00f3n Europea, Jean-Claude Juncker, conden\u00f3 el \"ataque brutal e inhumano\".<\/p>\n<p>\"Estoy profundamente consternado por el ataque brutal e inhumano contra la redacci\u00f3n de Charlie Hebdo. Es un acto intolerable, una barbarie que nos interpela a todos como seres humanos y como europeos\", dijo Juncker en un comunicado.<\/p>\n<p>Agencias DPA, AFP y ANSA<\/p>\n","protected":false},"excerpt":{"rendered":"<p>LONDRES \/ WASHINGTON.- El brutal atentado contra la revista sat\u00edrica francesa Charlie Hebdo , en pleno coraz\u00f3n de Par\u00eds, esta ma\u00f1ana, despert\u00f3 una fuerte conmoci\u00f3n y condena internacional. El primer ministro brit\u00e1nico, David Cameron , conden\u00f3 el ataque en el que dos hombres armados mataron a por lo menos 12 personas y consider\u00f3 que \"los [&hellip;]<\/p>\n","protected":false},"author":1,"featured_media":11620,"comment_status":"open","ping_status":"open","sticky":false,"template":"","format":"standard","meta":{"_stopmodifiedupdate":false,"_modified_date":"","inline_featured_image":false,"spay_email":"","jetpack_publicize_message":""},"categories":[6],"tags":[],"jetpack_featured_media_url":"https:\/\/notinor.com\/jujuy\/wp-content\/uploads\/2015\/01\/merkel-cameron.jpg","jetpack_publicize_connections":[],"_links":{"self":[{"href":"https:\/\/notinor.com\/jujuy\/wp-json\/wp\/v2\/posts\/11619"}],"collection":[{"href":"https:\/\/notinor.com\/jujuy\/wp-json\/wp\/v2\/posts"}],"about":[{"href":"https:\/\/notinor.com\/jujuy\/wp-json\/wp\/v2\/types\/post"}],"author":[{"embeddable":true,"href":"https:\/\/notinor.com\/jujuy\/wp-json\/wp\/v2\/users\/1"}],"replies":[{"embeddable":true,"href":"https:\/\/notinor.com\/jujuy\/wp-json\/wp\/v2\/comments?post=11619"}],"version-history":[{"count":1,"href":"https:\/\/notinor.com\/jujuy\/wp-json\/wp\/v2\/posts\/11619\/revisions"}],"predecessor-version":[{"id":11621,"href":"https:\/\/notinor.com\/jujuy\/wp-json\/wp\/v2\/posts\/11619\/revisions\/11621"}],"wp:featuredmedia":[{"embeddable":true,"href":"https:\/\/notinor.com\/jujuy\/wp-json\/wp\/v2\/media\/11620"}],"wp:attachment":[{"href":"https:\/\/notinor.com\/jujuy\/wp-json\/wp\/v2\/media?parent=11619"}],"wp:term":[{"taxonomy":"category","embeddable":true,"href":"https:\/\/notinor.com\/jujuy\/wp-json\/wp\/v2\/categories?post=11619"},{"taxonomy":"post_tag","embeddable":true,"href":"https:\/\/notinor.com\/jujuy\/wp-json\/wp\/v2\/tags?post=11619"}],"curies":[{"name":"wp","href":"https:\/\/api.w.org\/{rel}","templated":true}]}}