{"id":11614,"date":"2015-01-07T21:39:32","date_gmt":"2015-01-08T00:39:32","guid":{"rendered":"http:\/\/notinor.com\/jujuy\/?p=11614"},"modified":"2015-01-07T21:39:32","modified_gmt":"2015-01-08T00:39:32","slug":"persona-buscada-12","status":"publish","type":"post","link":"https:\/\/notinor.com\/jujuy\/persona-buscada-12\/","title":{"rendered":"PERSONA BUSCADA"},"content":{"rendered":"<p>YESICA SOLEDAD CALA, de 27 a\u00f1os de edad, con domicilio en el barrio 8 de Marzo de Alto Comedero, del cual se ausenta desde el d\u00eda 04 de enero del corriente a\u00f1o.<\/p>\n<p>La protagonista responderia a los siguientes datos filiatorios: contextura f\u00edsica delgada, estatura 1.50 metros aproximadamente, tez trigue\u00f1a, cabello color negro largo hasta la cintura, con la particularidad que tiene un tatuaje en mano derecha de un sol y en omoplato izquierdo otro tatuaje con la leyenda \"NATI \u2013 AYE\". Al momento de ausentarse vest\u00eda, pantal\u00f3n de jeans color negro, remera color blanco con letras negras en el pecho y calzaba zapatos color negro y blanco.<\/p>\n","protected":false},"excerpt":{"rendered":"<p>YESICA SOLEDAD CALA, de 27 a\u00f1os de edad, con domicilio en el barrio 8 de Marzo de Alto Comedero, del cual se ausenta desde el d\u00eda 04 de enero del corriente a\u00f1o. La protagonista responderia a los siguientes datos filiatorios: contextura f\u00edsica delgada, estatura 1.50 metros aproximadamente, tez trigue\u00f1a, cabello color negro largo hasta la [&hellip;]<\/p>\n","protected":false},"author":1,"featured_media":3566,"comment_status":"open","ping_status":"open","sticky":false,"template":"","format":"standard","meta":{"_stopmodifiedupdate":false,"_modified_date":"","inline_featured_image":false,"spay_email":"","jetpack_publicize_message":""},"categories":[3],"tags":[],"jetpack_featured_media_url":"https:\/\/notinor.com\/jujuy\/wp-content\/uploads\/2014\/11\/SE-BUSCA.jpg","jetpack_publicize_connections":[],"_links":{"self":[{"href":"https:\/\/notinor.com\/jujuy\/wp-json\/wp\/v2\/posts\/11614"}],"collection":[{"href":"https:\/\/notinor.com\/jujuy\/wp-json\/wp\/v2\/posts"}],"about":[{"href":"https:\/\/notinor.com\/jujuy\/wp-json\/wp\/v2\/types\/post"}],"author":[{"embeddable":true,"href":"https:\/\/notinor.com\/jujuy\/wp-json\/wp\/v2\/users\/1"}],"replies":[{"embeddable":true,"href":"https:\/\/notinor.com\/jujuy\/wp-json\/wp\/v2\/comments?post=11614"}],"version-history":[{"count":1,"href":"https:\/\/notinor.com\/jujuy\/wp-json\/wp\/v2\/posts\/11614\/revisions"}],"predecessor-version":[{"id":11615,"href":"https:\/\/notinor.com\/jujuy\/wp-json\/wp\/v2\/posts\/11614\/revisions\/11615"}],"wp:featuredmedia":[{"embeddable":true,"href":"https:\/\/notinor.com\/jujuy\/wp-json\/wp\/v2\/media\/3566"}],"wp:attachment":[{"href":"https:\/\/notinor.com\/jujuy\/wp-json\/wp\/v2\/media?parent=11614"}],"wp:term":[{"taxonomy":"category","embeddable":true,"href":"https:\/\/notinor.com\/jujuy\/wp-json\/wp\/v2\/categories?post=11614"},{"taxonomy":"post_tag","embeddable":true,"href":"https:\/\/notinor.com\/jujuy\/wp-json\/wp\/v2\/tags?post=11614"}],"curies":[{"name":"wp","href":"https:\/\/api.w.org\/{rel}","templated":true}]}}