{"id":11603,"date":"2015-01-07T22:11:41","date_gmt":"2015-01-08T01:11:41","guid":{"rendered":"http:\/\/notinor.com\/jujuy\/?p=11603"},"modified":"2015-01-07T22:17:35","modified_gmt":"2015-01-08T01:17:35","slug":"cristina-cambia-la-ley-para-frustrar-acuerdo-massa-morales","status":"publish","type":"post","link":"https:\/\/notinor.com\/jujuy\/cristina-cambia-la-ley-para-frustrar-acuerdo-massa-morales\/","title":{"rendered":"Cristina cambia la ley para frustrar acuerdo Massa-Morales"},"content":{"rendered":"<div id=\"readerZenv74393v1-title\" class=\"title\"><span class=\"description\"><span class=\"description\">Tambi\u00e9n buscar\u00e1 con la reforma \u00a0prohibir que la oposici\u00f3n arme lista \u00fanica para Parlasur. De esta manera el oficialismo desbarata los planes de la oposici\u00f3n. Esta situaci\u00f3n se profundiza en Jujuy donde la UCR pretend\u00eda sumar a sus seguidores hist\u00f3ricos en apoyo a la f\u00f3rmula Morales-Sanz, adem\u00e1s de recibir votos en la f\u00f3rmula Morales-Massa, situaci\u00f3n que luego de la reforma ya no ser\u00e1 posible, con lo que Gerardo Morales queda en una disyuntiva, debiendo elegir por el mal menor, lo que le provocar\u00eda una hemorragia que pondr\u00eda en peligro las aspiraciones para ser gobernador en el 2015, debiendo buscar otra estrategia, tal vez unas PASO ampliadas, como propuso el juje\u00f1o en la convenci\u00f3n pasada, que todav\u00eda no resolvi\u00f3 su acci\u00f3n pol\u00edtica.<\/span><\/span>LPO || Cristina Kirchner est\u00e1 decidida a mover todas las piezas que sean necesarias para complicarle la vida a la oposici\u00f3n de cara a las elecciones del a\u00f1o pr\u00f3ximo. De paso, prepara el terreno para presentarse ella misma como candidata a parlamentaria del Mercosur obstaculizando las estrategias opositoras para derrotarla.<\/div>\n<div class=\"title\">\n<p>En ese contexto, la Presidenta prepara una nueva modificaci\u00f3n a la ley electoral para impedir que la oposici\u00f3n se aproveche de los puntos grises de la actual normativa y selle acuerdos electorales por distritos o categor\u00edas sin conformar un frente. As\u00ed, evitar\u00eda dolores de cabeza a los gobernadores oficialistas y a ella misma, pero al mismo tiempo har\u00eda un aporte a la idea de algunos opositores de dirimir candidaturas en una gran interna.<\/p>\n<p>LPO || La encargada de presentar el proyecto para modificar la ley electoral ser\u00e1 la jefa del bloque oficialista, Juliana Di Tullio, seg\u00fan confirm\u00f3 LPO. El texto constar\u00e1 de dos modificaciones sustanciales: la prohibici\u00f3n de que un candidato a gobernador pueda adherir a dos o m\u00e1s candidatos a presidente, y un impedimento para que la oposici\u00f3n arme una lista \u00fanica para la categor\u00eda de parlamentarios del Mercosur.<\/p>\n<p>Sobre la primera modificaci\u00f3n, la directiva que Carlos Zannini le baj\u00f3 a Di Tullio es que la ley electoral establezca a partir de ahora que \"ning\u00fan candidato o precandidato podr\u00e1 serlo de m\u00e1s de una agrupaci\u00f3n ni para m\u00e1s de un cargo\" y que \"las agrupaciones s\u00f3lo podr\u00e1n adherir sus boletas a las de otra agrupaci\u00f3n en aquellas categor\u00edas en las que no tengan listas de candidatos propios, no pudiendo adherir a m\u00e1s de una lista\".<\/p>\n<p>Se trata de exactamente la misma letra que ayer estableci\u00f3 Francisco \u201cPaco\u201d\u00a0P\u00e9rez en la reglamentaci\u00f3n de las PASO mendocinas. El gobernador cuyano busc\u00f3 as\u00ed\u00a0bloquear la estrategia del precandidato radical Alfredo Cornejo, quien tiene previsto ir tanto en la lista del frente UNEN como en la del PRO de Mauricio Macri.<\/p>\n<p>Es por eso que la UCR impugnar\u00e1 la reglamentaci\u00f3n ante la Justicia Electoral argumentando que el gobernador est\u00e1 legislando, con un decreto provincial, sobre una norma nacional.<\/p>\n<p>Sucede que en elecciones simult\u00e1neas la ley nacional no impide el apoyo de m\u00e1s de una lista provincial a una misma f\u00f3rmula nacional. Adem\u00e1s, hay un fallo de la C\u00e1mara Nacional Electoral que le dar\u00eda la raz\u00f3n a los opositores. En 2011, esa C\u00e1mara habilit\u00f3 al radical entrerriano Atilio Benedetti a \u201cpegarse\u201d a los candidatos presidenciales de la UCR (Ricardo Alfons\u00edn) y del Partido Socialista (Hermes Binner).<\/p>\n<p>\u00bfCu\u00e1l ser\u00eda el beneficio para Cristina con la prohibici\u00f3n? Le complicar\u00eda los planes a Macri y Sergio Massa en las provincias donde las elecciones est\u00e1n unificadas con las nacionales, y los candidatos radicales quieren ir con el presidencial de UNEN m\u00e1s el del PRO o el Frente Renovador.<\/p>\n<p>El jefe de Gobierno no s\u00f3lo tendr\u00eda problemas para llevar a Cornejo en Mendoza, sino tampoco al catamarque\u00f1o Eduardo Brizuela del Moral, que tambi\u00e9n tiene intenciones de pegarse al candidato presidencial del PRO y al de Unen. Lo mismo suceder\u00eda en otras provincias donde los acuerdos est\u00e1n algo m\u00e1s atrasados, como Entre R\u00edos.<\/p>\n<p>Por su parte, el ex intendente de Tigre tiene cerrados al menos cuatro acuerdos distritales con radicales: Jujuy (Gerardo Morales), Formosa (Luis Naidenoff o Ricardo Buryaile), Tucum\u00e1n (Jos\u00e9 Cano) y Tierra del Fuego (Federico Sciurano). En este \u00faltimo caso, por ley los comicios van desdoblados. Hay dudas sobre la fecha en Tucum\u00e1n y en las otras ir\u00e1n unificados. Massa tambi\u00e9n podr\u00eda tener problemas en Santa Cruz, donde tiene avanzado el acuerdo con Eduardo Costa.<\/p>\n<p>La decisi\u00f3n de Cristina de avanzar con esta modificaci\u00f3n habr\u00eda surgido de un pedido de Francisco P\u00e9rez, que avizora una derrota judicial. \u201cEstamos trabajando a nivel nacional en una modificaci\u00f3n que lo impida\u201d, admiti\u00f3 el ex ministro de Gobierno mendocino, F\u00e9lix Gonz\u00e1lez, operador de \u201cPaco\u201d en Buenos Aires. El dirigente le confirm\u00f3 al portal MDZ que Di Tullio trabaja en el proyecto. \u201cVamos a hacer todo lo que sea necesario para impedirlo\u201d, asegur\u00f3.<\/p>\n<p><b>Freno a la lista \u00fanica opositora<\/b><\/p>\n<p>Por otro lado, el kirchnerismo tambi\u00e9n planea una modificaci\u00f3n a la ley electoral para impedir que la oposici\u00f3n presente una lista \u00fanica en la categor\u00eda de parlamentarios del Mercosur, elecci\u00f3n aprobada en la \u00faltima semana de diciembre pasado por el Senado.<\/p>\n<p>Esta prohibici\u00f3n vendr\u00eda a confirmar la intenci\u00f3n de Cristina de presentarse como candidata al Mercosur, una posibilidad que motiv\u00f3 a la oposici\u00f3n a juntarse -s\u00f3lo en esa categor\u00eda- para derrotarla. De hecho, ya hay varios opositores, como Lilita Carri\u00f3 y Margarita Stolbizer, que se entusiasmaron con la idea de ser candidatos para pasar a la historia como vencedores de la Presidenta.<\/p>\n<p>La categor\u00eda de parlamentarios del Mercosur permite a Cristina estar en todas las boletas del pa\u00eds, una ventaja que hasta ahora ten\u00edan s\u00f3lo los candidatos a presidentes. La mandataria sabe que con la oposici\u00f3n dividida dif\u00edcilmente alguno de los aspirantes a ese cargo podr\u00eda ganarle, con lo que la prohibici\u00f3n parece un traje a su medida.<\/p>\n<p>No ser\u00eda la primera vez que el kirchnerismo intenta algo as\u00ed. En 2013, cuando aprob\u00f3 la fallida elecci\u00f3n de consejeros de la Magistratura, el oficialismo meti\u00f3 a \u00faltimo momento una<a href=\"http:\/\/www.lapoliticaonline.com\/nota\/nota-89917\" target=\"_blank\">prohibici\u00f3n expresa de las listas unificadas<\/a>. \"No podr\u00e1n oficializarse candidaturas a m\u00e1s de un cargo y por m\u00e1s de una agrupaci\u00f3n pol\u00edtica\", dec\u00eda el texto. El Gobierno quiso frenar as\u00ed una alianza que la oposici\u00f3n ya hab\u00eda anunciado para enfrentar al Frente para la Victoria.<\/p>\n<p>Para aprobar estas modificaciones en el Congreso (podr\u00eda intentarlo en febrero si es que el Ejecutivo llama a sesiones extraordinarias), el oficialismo necesitar\u00eda mayor\u00edas calificadas en ambas c\u00e1maras. Es decir, la mitad m\u00e1s uno del total de los integrantes de cada c\u00e1mara, independientemente de la cantidad de presentes en el recinto al momento de la votaci\u00f3n.<\/p>\n<p>En las recientes votaciones para la elecci\u00f3n de los parlamentarios del Mercosur el kirchnerismo tuvo los votos justos para llegar al n\u00famero, pero de mantener a los aliados en 2015 no tendr\u00eda problemas. Si esos problemas surgieran, en el Gobierno especulan que podr\u00edan seducir a los legisladores de Adolfo Rodr\u00edguez Sa\u00e1 y Jos\u00e9 Manuel de la Sota, cuyas candidaturas presidenciales parecen m\u00e1s un problema para la oposici\u00f3n que para el oficialismo.<\/p>\n<\/div>\n<div class=\"title\"><\/div>\n","protected":false},"excerpt":{"rendered":"<p>Tambi\u00e9n buscar\u00e1 con la reforma \u00a0prohibir que la oposici\u00f3n arme lista \u00fanica para Parlasur. De esta manera el oficialismo desbarata los planes de la oposici\u00f3n. Esta situaci\u00f3n se profundiza en Jujuy donde la UCR pretend\u00eda sumar a sus seguidores hist\u00f3ricos en apoyo a la f\u00f3rmula Morales-Sanz, adem\u00e1s de recibir votos en la f\u00f3rmula Morales-Massa, situaci\u00f3n [&hellip;]<\/p>\n","protected":false},"author":1,"featured_media":11622,"comment_status":"open","ping_status":"open","sticky":false,"template":"","format":"standard","meta":{"_stopmodifiedupdate":false,"_modified_date":"","inline_featured_image":false,"spay_email":"","jetpack_publicize_message":""},"categories":[485],"tags":[],"jetpack_featured_media_url":"https:\/\/notinor.com\/jujuy\/wp-content\/uploads\/2015\/01\/5433c08832280_510x339.jpg","jetpack_publicize_connections":[],"_links":{"self":[{"href":"https:\/\/notinor.com\/jujuy\/wp-json\/wp\/v2\/posts\/11603"}],"collection":[{"href":"https:\/\/notinor.com\/jujuy\/wp-json\/wp\/v2\/posts"}],"about":[{"href":"https:\/\/notinor.com\/jujuy\/wp-json\/wp\/v2\/types\/post"}],"author":[{"embeddable":true,"href":"https:\/\/notinor.com\/jujuy\/wp-json\/wp\/v2\/users\/1"}],"replies":[{"embeddable":true,"href":"https:\/\/notinor.com\/jujuy\/wp-json\/wp\/v2\/comments?post=11603"}],"version-history":[{"count":3,"href":"https:\/\/notinor.com\/jujuy\/wp-json\/wp\/v2\/posts\/11603\/revisions"}],"predecessor-version":[{"id":11629,"href":"https:\/\/notinor.com\/jujuy\/wp-json\/wp\/v2\/posts\/11603\/revisions\/11629"}],"wp:featuredmedia":[{"embeddable":true,"href":"https:\/\/notinor.com\/jujuy\/wp-json\/wp\/v2\/media\/11622"}],"wp:attachment":[{"href":"https:\/\/notinor.com\/jujuy\/wp-json\/wp\/v2\/media?parent=11603"}],"wp:term":[{"taxonomy":"category","embeddable":true,"href":"https:\/\/notinor.com\/jujuy\/wp-json\/wp\/v2\/categories?post=11603"},{"taxonomy":"post_tag","embeddable":true,"href":"https:\/\/notinor.com\/jujuy\/wp-json\/wp\/v2\/tags?post=11603"}],"curies":[{"name":"wp","href":"https:\/\/api.w.org\/{rel}","templated":true}]}}