{"id":115320,"date":"2017-04-29T01:13:29","date_gmt":"2017-04-29T04:13:29","guid":{"rendered":"http:\/\/notinor.com\/jujuy\/?p=115320"},"modified":"2017-04-29T02:34:16","modified_gmt":"2017-04-29T05:34:16","slug":"perico-inauguracion-de-monumento-a-la-familia","status":"publish","type":"post","link":"https:\/\/notinor.com\/jujuy\/perico-inauguracion-de-monumento-a-la-familia\/","title":{"rendered":"Perico: Se inaugur\u00f3 el Monumento a la Familia"},"content":{"rendered":"<p style=\"text-align: justify;\"><img decoding=\"async\" loading=\"lazy\" class=\"size-full wp-image-115321 aligncenter\" src=\"http:\/\/notinor.com\/jujuy\/wp-content\/uploads\/2017\/04\/monumento-perico.jpg\" alt=\"monumento perico\" width=\"519\" height=\"353\" srcset=\"https:\/\/notinor.com\/jujuy\/wp-content\/uploads\/2017\/04\/monumento-perico.jpg 519w, https:\/\/notinor.com\/jujuy\/wp-content\/uploads\/2017\/04\/monumento-perico-300x204.jpg 300w\" sizes=\"(max-width: 519px) 100vw, 519px\" \/><\/p>\n<p style=\"text-align: justify;\">La imagen del Monumento a la Familia se inaugur\u00f3, ayer por la ma\u00f1ana, en pleno acceso a la ciudad, frente al monumento a San Jos\u00e9, a su vez tambi\u00e9n se inaugur\u00f3 la\u00a0imagen de la Virgen de Los Migrantes.<\/p>\n<p style=\"text-align: justify;\">El monumento fue realizado en su totalidad por artistas perique\u00f1os, siendo realizado por Mateo Torres y coordinado por la Secretaria de Obras P\u00fablicas, se cont\u00f3 tambi\u00e9n la participaci\u00f3n del secretario Edgardo Sosa.<\/p>\n<p style=\"text-align: justify;\">En el acto,\u00a0se cont\u00f3 con la presencia de Walter Barrionuevo, senador nacional, el diputado provincial Rub\u00e9n Rivarola, el intendente municipal Rolando Ficoseco, el p\u00e1rroco German Maccagno,\u00a0 referentes del Inta Perico, funcionarios municipales, alumnos del colegio N\u00b0 7 de la localidad y comunidad en general.<\/p>\n<p style=\"text-align: justify;\">La emotiva ceremonia protocolar dio lugar a la inauguraci\u00f3n de la Virgen de los Migrantes, ubicada a la izquierda del enorme monumento de San Jos\u00e9, dando la bienvenida a los visitantes y vecinos de la ciudad del tabaco.\u00a0Asimismo, el acto de inauguraci\u00f3n del monumento a la Familia de Perico, se realiz\u00f3 seguidamente.<\/p>\n<p style=\"text-align: justify;\">El significado de dicha imagen se deben a la gran cantidad de historia que contiene la ciudad a pesar de sus j\u00f3venes 50 a\u00f1os como ciudad,\u00a0 puesto que se trata de uno de los territorios que m\u00e1s creci\u00f3 en la provincia.<\/p>\n<p style=\"text-align: justify;\">Rub\u00e9n Rivarola, diputado provincial, se\u00f1al\u00f3 la importancia de la familia para el crecimiento de la ciudad, al igual que remarc\u00f3 la conducci\u00f3n del Jefe Municipal, Rolando Ficoseco y el aporte del padre Maccagno, \"Esto es un trabajo de equipo, esta ciudad viene apostando al progreso, creo que esto es realmente bueno, cada vez que uno viene a Perico se encuentra con algo nuevo, con alg\u00fan avance, hay que apoyar, no importa el color pol\u00edtico\u201d.<\/p>\n<p style=\"text-align: justify;\">La imagen\u00a0apunta a conceptualizar el ferrocarril, el aeropuerto; las ollas, por otro lado, representando la abundancia agr\u00edcola que caracteriza a la ciudad; la iglesia como pilar de fe de la comunidad y la imprescindible hoja de tabaco, identidad de la ciudad de Perico.<\/p>\n","protected":false},"excerpt":{"rendered":"<p>La imagen del Monumento a la Familia se inaugur\u00f3, ayer por la ma\u00f1ana, en pleno acceso a la ciudad, frente al monumento a San Jos\u00e9, a su vez tambi\u00e9n se inaugur\u00f3 la\u00a0imagen de la Virgen de Los Migrantes. El monumento fue realizado en su totalidad por artistas perique\u00f1os, siendo realizado por Mateo Torres y coordinado [&hellip;]<\/p>\n","protected":false},"author":1,"featured_media":115321,"comment_status":"open","ping_status":"open","sticky":false,"template":"","format":"standard","meta":{"_stopmodifiedupdate":false,"_modified_date":"","inline_featured_image":false,"spay_email":"","jetpack_publicize_message":""},"categories":[4],"tags":[],"jetpack_featured_media_url":"https:\/\/notinor.com\/jujuy\/wp-content\/uploads\/2017\/04\/monumento-perico.jpg","jetpack_publicize_connections":[],"_links":{"self":[{"href":"https:\/\/notinor.com\/jujuy\/wp-json\/wp\/v2\/posts\/115320"}],"collection":[{"href":"https:\/\/notinor.com\/jujuy\/wp-json\/wp\/v2\/posts"}],"about":[{"href":"https:\/\/notinor.com\/jujuy\/wp-json\/wp\/v2\/types\/post"}],"author":[{"embeddable":true,"href":"https:\/\/notinor.com\/jujuy\/wp-json\/wp\/v2\/users\/1"}],"replies":[{"embeddable":true,"href":"https:\/\/notinor.com\/jujuy\/wp-json\/wp\/v2\/comments?post=115320"}],"version-history":[{"count":4,"href":"https:\/\/notinor.com\/jujuy\/wp-json\/wp\/v2\/posts\/115320\/revisions"}],"predecessor-version":[{"id":115335,"href":"https:\/\/notinor.com\/jujuy\/wp-json\/wp\/v2\/posts\/115320\/revisions\/115335"}],"wp:featuredmedia":[{"embeddable":true,"href":"https:\/\/notinor.com\/jujuy\/wp-json\/wp\/v2\/media\/115321"}],"wp:attachment":[{"href":"https:\/\/notinor.com\/jujuy\/wp-json\/wp\/v2\/media?parent=115320"}],"wp:term":[{"taxonomy":"category","embeddable":true,"href":"https:\/\/notinor.com\/jujuy\/wp-json\/wp\/v2\/categories?post=115320"},{"taxonomy":"post_tag","embeddable":true,"href":"https:\/\/notinor.com\/jujuy\/wp-json\/wp\/v2\/tags?post=115320"}],"curies":[{"name":"wp","href":"https:\/\/api.w.org\/{rel}","templated":true}]}}