{"id":112995,"date":"2017-04-10T18:58:36","date_gmt":"2017-04-10T21:58:36","guid":{"rendered":"http:\/\/notinor.com\/jujuy\/?p=112995"},"modified":"2017-04-10T19:32:44","modified_gmt":"2017-04-10T22:32:44","slug":"ctera-anuncio-un-paro-de-24-horas-en-jujuy-se-adhieren-los-docentes-primarios-secundarios-y-universitarios","status":"publish","type":"post","link":"https:\/\/notinor.com\/jujuy\/ctera-anuncio-un-paro-de-24-horas-en-jujuy-se-adhieren-los-docentes-primarios-secundarios-y-universitarios\/","title":{"rendered":"Ctera anunci\u00f3 paro: En Jujuy se adhieren docentes primarios, secundarios y universitarios"},"content":{"rendered":"<p><a href=\"http:\/\/notinor.com\/jujuy\/wp-content\/uploads\/2017\/03\/paro-docente-aula.jpg\"><img decoding=\"async\" loading=\"lazy\" class=\"alignnone size-full wp-image-109011\" src=\"http:\/\/notinor.com\/jujuy\/wp-content\/uploads\/2017\/03\/paro-docente-aula.jpg\" alt=\"paro docente aula\" width=\"1360\" height=\"765\" srcset=\"https:\/\/notinor.com\/jujuy\/wp-content\/uploads\/2017\/03\/paro-docente-aula.jpg 1360w, https:\/\/notinor.com\/jujuy\/wp-content\/uploads\/2017\/03\/paro-docente-aula-300x169.jpg 300w, https:\/\/notinor.com\/jujuy\/wp-content\/uploads\/2017\/03\/paro-docente-aula-1024x576.jpg 1024w, https:\/\/notinor.com\/jujuy\/wp-content\/uploads\/2017\/03\/paro-docente-aula-199x112.jpg 199w\" sizes=\"(max-width: 1360px) 100vw, 1360px\" \/><\/a><\/p>\n<p>As\u00ed lo anunciaron en adhesi\u00f3n al paro convocado a nivel nacional por la CTERA.<br \/>\nLos docentes universitarios anunciaron que tendr\u00e1n clases pero en la v\u00eda p\u00fablica en se\u00f1al de reclamo por el ajuste y por los hechos de violencias ocurridos en Buenos Aires. As\u00ed de acuerdo a los dispuesto por la CONADU H\u00edstorica ratifican una jornada de clases p\u00fablicas que en nuestra provincia tendr\u00e1 puntos espec\u00edficos.<br \/>\nLos lugares donde se realizar\u00e1 el dictado de clases ser\u00e1 en Plaza Belgrano, Peatonal Belgrano y frente de la Facultad de Humanidades, sobre calle Otero.<\/p>\n","protected":false},"excerpt":{"rendered":"<p>As\u00ed lo anunciaron en adhesi\u00f3n al paro convocado a nivel nacional por la CTERA. Los docentes universitarios anunciaron que tendr\u00e1n clases pero en la v\u00eda p\u00fablica en se\u00f1al de reclamo por el ajuste y por los hechos de violencias ocurridos en Buenos Aires. As\u00ed de acuerdo a los dispuesto por la CONADU H\u00edstorica ratifican una [&hellip;]<\/p>\n","protected":false},"author":1,"featured_media":109011,"comment_status":"open","ping_status":"open","sticky":false,"template":"","format":"standard","meta":{"_stopmodifiedupdate":false,"_modified_date":"","inline_featured_image":false,"spay_email":"","jetpack_publicize_message":""},"categories":[485],"tags":[],"jetpack_featured_media_url":"https:\/\/notinor.com\/jujuy\/wp-content\/uploads\/2017\/03\/paro-docente-aula.jpg","jetpack_publicize_connections":[],"_links":{"self":[{"href":"https:\/\/notinor.com\/jujuy\/wp-json\/wp\/v2\/posts\/112995"}],"collection":[{"href":"https:\/\/notinor.com\/jujuy\/wp-json\/wp\/v2\/posts"}],"about":[{"href":"https:\/\/notinor.com\/jujuy\/wp-json\/wp\/v2\/types\/post"}],"author":[{"embeddable":true,"href":"https:\/\/notinor.com\/jujuy\/wp-json\/wp\/v2\/users\/1"}],"replies":[{"embeddable":true,"href":"https:\/\/notinor.com\/jujuy\/wp-json\/wp\/v2\/comments?post=112995"}],"version-history":[{"count":2,"href":"https:\/\/notinor.com\/jujuy\/wp-json\/wp\/v2\/posts\/112995\/revisions"}],"predecessor-version":[{"id":113007,"href":"https:\/\/notinor.com\/jujuy\/wp-json\/wp\/v2\/posts\/112995\/revisions\/113007"}],"wp:featuredmedia":[{"embeddable":true,"href":"https:\/\/notinor.com\/jujuy\/wp-json\/wp\/v2\/media\/109011"}],"wp:attachment":[{"href":"https:\/\/notinor.com\/jujuy\/wp-json\/wp\/v2\/media?parent=112995"}],"wp:term":[{"taxonomy":"category","embeddable":true,"href":"https:\/\/notinor.com\/jujuy\/wp-json\/wp\/v2\/categories?post=112995"},{"taxonomy":"post_tag","embeddable":true,"href":"https:\/\/notinor.com\/jujuy\/wp-json\/wp\/v2\/tags?post=112995"}],"curies":[{"name":"wp","href":"https:\/\/api.w.org\/{rel}","templated":true}]}}