{"id":112477,"date":"2017-04-06T00:00:55","date_gmt":"2017-04-06T03:00:55","guid":{"rendered":"http:\/\/notinor.com\/jujuy\/?p=112477"},"modified":"2017-04-06T09:14:25","modified_gmt":"2017-04-06T12:14:25","slug":"servicios-frente-al-paro-recoleccion-de-residuos-limitada-los-mercados-abiertos","status":"publish","type":"post","link":"https:\/\/notinor.com\/jujuy\/servicios-frente-al-paro-recoleccion-de-residuos-limitada-los-mercados-abiertos\/","title":{"rendered":"Servicios frente al paro: Recolecci\u00f3n de residuos limitada los mercados abiertos"},"content":{"rendered":"<p><a href=\"http:\/\/notinor.com\/jujuy\/wp-content\/uploads\/2017\/02\/Recolecci\u00f3n-de-residuos-feriados-.jpg\"><img decoding=\"async\" loading=\"lazy\" class=\"size-medium wp-image-107979 aligncenter\" src=\"http:\/\/notinor.com\/jujuy\/wp-content\/uploads\/2017\/02\/Recolecci\u00f3n-de-residuos-feriados--300x200.jpg\" alt=\"Recolecci\u00f3n de residuos feriados-\" width=\"300\" height=\"200\" srcset=\"https:\/\/notinor.com\/jujuy\/wp-content\/uploads\/2017\/02\/Recolecci\u00f3n-de-residuos-feriados--300x200.jpg 300w, https:\/\/notinor.com\/jujuy\/wp-content\/uploads\/2017\/02\/Recolecci\u00f3n-de-residuos-feriados-.jpg 800w\" sizes=\"(max-width: 300px) 100vw, 300px\" \/><\/a><\/p>\n<p>Teniendo presente la situaci\u00f3n nacional anunciada para la jornada de ma\u00f1ana, como tambi\u00e9n las necesidades de los vecinos de la ciudad capital; desde el municipio se prev\u00e9 una recolecci\u00f3n m\u00ednima de residuos, no as\u00ed los recorridos que pertenecen a la empresa concesionada, facilitando a los empleados la posibilidad de concurrir a sus lugares de trabajo y considerando adem\u00e1s la flexibilizaci\u00f3n laboral dispuesta desde las autoridades municipales quienes reconocieron el derecho a la huelga.<\/p>\n<p>En este sentido, se pide a los ciudadanos y en especial a las amas de casa a limitarse en la extracci\u00f3n de la basura a la v\u00eda p\u00fablica, evitando de esta manera los focos infecciosos, bolsas destrozadas por los perros y los inconvenientes que esto puede acarrear con las lluvias.<\/p>\n<p>Por otro lado, desde la Administraci\u00f3n de Mercados que preside \u00cdtalo Cuva, indic\u00f3 que los mercados: \"6 de Agosto\" (Central), \"Hip\u00f3lito Yrigoyen\" (ex Abasto), Mercado de Abasto, 12 de Octubre y Santa Rosa funcionar\u00e1n en forma normal de 7.30 a 13 y de 15.30 a 21.<\/p>\n<p>&nbsp;<\/p>\n","protected":false},"excerpt":{"rendered":"<p>Teniendo presente la situaci\u00f3n nacional anunciada para la jornada de ma\u00f1ana, como tambi\u00e9n las necesidades de los vecinos de la ciudad capital; desde el municipio se prev\u00e9 una recolecci\u00f3n m\u00ednima de residuos, no as\u00ed los recorridos que pertenecen a la empresa concesionada, facilitando a los empleados la posibilidad de concurrir a sus lugares de trabajo [&hellip;]<\/p>\n","protected":false},"author":5,"featured_media":107979,"comment_status":"open","ping_status":"open","sticky":false,"template":"","format":"standard","meta":{"_stopmodifiedupdate":false,"_modified_date":"","inline_featured_image":false,"spay_email":"","jetpack_publicize_message":""},"categories":[490],"tags":[],"jetpack_featured_media_url":"https:\/\/notinor.com\/jujuy\/wp-content\/uploads\/2017\/02\/Recolecci\u00f3n-de-residuos-feriados-.jpg","jetpack_publicize_connections":[],"_links":{"self":[{"href":"https:\/\/notinor.com\/jujuy\/wp-json\/wp\/v2\/posts\/112477"}],"collection":[{"href":"https:\/\/notinor.com\/jujuy\/wp-json\/wp\/v2\/posts"}],"about":[{"href":"https:\/\/notinor.com\/jujuy\/wp-json\/wp\/v2\/types\/post"}],"author":[{"embeddable":true,"href":"https:\/\/notinor.com\/jujuy\/wp-json\/wp\/v2\/users\/5"}],"replies":[{"embeddable":true,"href":"https:\/\/notinor.com\/jujuy\/wp-json\/wp\/v2\/comments?post=112477"}],"version-history":[{"count":1,"href":"https:\/\/notinor.com\/jujuy\/wp-json\/wp\/v2\/posts\/112477\/revisions"}],"predecessor-version":[{"id":112478,"href":"https:\/\/notinor.com\/jujuy\/wp-json\/wp\/v2\/posts\/112477\/revisions\/112478"}],"wp:featuredmedia":[{"embeddable":true,"href":"https:\/\/notinor.com\/jujuy\/wp-json\/wp\/v2\/media\/107979"}],"wp:attachment":[{"href":"https:\/\/notinor.com\/jujuy\/wp-json\/wp\/v2\/media?parent=112477"}],"wp:term":[{"taxonomy":"category","embeddable":true,"href":"https:\/\/notinor.com\/jujuy\/wp-json\/wp\/v2\/categories?post=112477"},{"taxonomy":"post_tag","embeddable":true,"href":"https:\/\/notinor.com\/jujuy\/wp-json\/wp\/v2\/tags?post=112477"}],"curies":[{"name":"wp","href":"https:\/\/api.w.org\/{rel}","templated":true}]}}