{"id":112453,"date":"2017-04-06T00:04:16","date_gmt":"2017-04-06T03:04:16","guid":{"rendered":"http:\/\/notinor.com\/jujuy\/?p=112453"},"modified":"2017-04-06T03:18:45","modified_gmt":"2017-04-06T06:18:45","slug":"haquim-el-paro-tiene-motivaciones-politicas","status":"publish","type":"post","link":"https:\/\/notinor.com\/jujuy\/haquim-el-paro-tiene-motivaciones-politicas\/","title":{"rendered":"Haquim: \u201cEl paro tiene motivaciones pol\u00edticas\u201d"},"content":{"rendered":"<p><a href=\"http:\/\/notinor.com\/jujuy\/wp-content\/uploads\/2016\/12\/haquim-intervencion.jpg\"><img decoding=\"async\" loading=\"lazy\" class=\"size-full wp-image-100391 aligncenter\" src=\"http:\/\/notinor.com\/jujuy\/wp-content\/uploads\/2016\/12\/haquim-intervencion.jpg\" alt=\"haquim-intervencion\" width=\"1000\" height=\"750\" srcset=\"https:\/\/notinor.com\/jujuy\/wp-content\/uploads\/2016\/12\/haquim-intervencion.jpg 1000w, https:\/\/notinor.com\/jujuy\/wp-content\/uploads\/2016\/12\/haquim-intervencion-300x225.jpg 300w, https:\/\/notinor.com\/jujuy\/wp-content\/uploads\/2016\/12\/haquim-intervencion-900x675.jpg 900w\" sizes=\"(max-width: 1000px) 100vw, 1000px\" \/><\/a><\/p>\n<p>&nbsp;<\/p>\n<p>Para dar una mirada de cual ser\u00eda el impacto que tendr\u00eda esta marcha en nuestra provincia, el vice gobernador sostuvo que este tipo de medidas de fuerza no ayudan y que se deber\u00edan emprender caminos distintos a trav\u00e9s del di\u00e1logo y el consenso.<\/p>\n<p>\u201cEste paro tiene una connotaci\u00f3n pol\u00edtica porque uno de los primeros sectores que sali\u00f3 a respaldar esta acci\u00f3n fue el Consejo Nacional Justicialista que no se sabe bien a qui\u00e9n representa\u201d, afirm\u00f3, al tiempo de se\u00f1alar que ello \u201cdesvirt\u00faa el valor del reclamo que pretenden visibilizar los sectores gremiales\u201d.<\/p>\n","protected":false},"excerpt":{"rendered":"<p>&nbsp; Para dar una mirada de cual ser\u00eda el impacto que tendr\u00eda esta marcha en nuestra provincia, el vice gobernador sostuvo que este tipo de medidas de fuerza no ayudan y que se deber\u00edan emprender caminos distintos a trav\u00e9s del di\u00e1logo y el consenso. \u201cEste paro tiene una connotaci\u00f3n pol\u00edtica porque uno de los primeros [&hellip;]<\/p>\n","protected":false},"author":1,"featured_media":100391,"comment_status":"open","ping_status":"open","sticky":false,"template":"","format":"standard","meta":{"_stopmodifiedupdate":false,"_modified_date":"","inline_featured_image":false,"spay_email":"","jetpack_publicize_message":""},"categories":[2,485],"tags":[],"jetpack_featured_media_url":"https:\/\/notinor.com\/jujuy\/wp-content\/uploads\/2016\/12\/haquim-intervencion.jpg","jetpack_publicize_connections":[],"_links":{"self":[{"href":"https:\/\/notinor.com\/jujuy\/wp-json\/wp\/v2\/posts\/112453"}],"collection":[{"href":"https:\/\/notinor.com\/jujuy\/wp-json\/wp\/v2\/posts"}],"about":[{"href":"https:\/\/notinor.com\/jujuy\/wp-json\/wp\/v2\/types\/post"}],"author":[{"embeddable":true,"href":"https:\/\/notinor.com\/jujuy\/wp-json\/wp\/v2\/users\/1"}],"replies":[{"embeddable":true,"href":"https:\/\/notinor.com\/jujuy\/wp-json\/wp\/v2\/comments?post=112453"}],"version-history":[{"count":3,"href":"https:\/\/notinor.com\/jujuy\/wp-json\/wp\/v2\/posts\/112453\/revisions"}],"predecessor-version":[{"id":112471,"href":"https:\/\/notinor.com\/jujuy\/wp-json\/wp\/v2\/posts\/112453\/revisions\/112471"}],"wp:featuredmedia":[{"embeddable":true,"href":"https:\/\/notinor.com\/jujuy\/wp-json\/wp\/v2\/media\/100391"}],"wp:attachment":[{"href":"https:\/\/notinor.com\/jujuy\/wp-json\/wp\/v2\/media?parent=112453"}],"wp:term":[{"taxonomy":"category","embeddable":true,"href":"https:\/\/notinor.com\/jujuy\/wp-json\/wp\/v2\/categories?post=112453"},{"taxonomy":"post_tag","embeddable":true,"href":"https:\/\/notinor.com\/jujuy\/wp-json\/wp\/v2\/tags?post=112453"}],"curies":[{"name":"wp","href":"https:\/\/api.w.org\/{rel}","templated":true}]}}