{"id":112449,"date":"2017-04-06T00:03:55","date_gmt":"2017-04-06T03:03:55","guid":{"rendered":"http:\/\/notinor.com\/jujuy\/?p=112449"},"modified":"2017-04-06T01:58:06","modified_gmt":"2017-04-06T04:58:06","slug":"5-reunion-de-precios-tabacaleros-acuerdan-un-incremento-del-15","status":"publish","type":"post","link":"https:\/\/notinor.com\/jujuy\/5-reunion-de-precios-tabacaleros-acuerdan-un-incremento-del-15\/","title":{"rendered":"5\u00b0 reuni\u00f3n de precios: Tabacaleros acuerdan un incremento del 15%"},"content":{"rendered":"<p>Durante la 5\u00aa reuni\u00f3n entre las partes,\u00a0 realizada esta ma\u00f1ana en el Ministerio de Ambiente y Producci\u00f3n Sustentable,\u00a0\u00a0 para fijar el precio del tabaco Virginia saltojuje\u00f1o de la presente campa\u00f1a, se arrib\u00f3 a un acuerdo un\u00e1nime, por lo que todas las puertas de acopio se regir\u00e1n con precios uniformes.<\/p>\n<p><a href=\"http:\/\/notinor.com\/jujuy\/wp-content\/uploads\/2017\/04\/precio-tabaco.jpg\"><img decoding=\"async\" loading=\"lazy\" class=\"alignnone size-full wp-image-112451\" src=\"http:\/\/notinor.com\/jujuy\/wp-content\/uploads\/2017\/04\/precio-tabaco.jpg\" alt=\"precio tabaco\" width=\"1280\" height=\"720\" srcset=\"https:\/\/notinor.com\/jujuy\/wp-content\/uploads\/2017\/04\/precio-tabaco.jpg 1280w, https:\/\/notinor.com\/jujuy\/wp-content\/uploads\/2017\/04\/precio-tabaco-300x169.jpg 300w, https:\/\/notinor.com\/jujuy\/wp-content\/uploads\/2017\/04\/precio-tabaco-1024x576.jpg 1024w, https:\/\/notinor.com\/jujuy\/wp-content\/uploads\/2017\/04\/precio-tabaco-199x112.jpg 199w\" sizes=\"(max-width: 1280px) 100vw, 1280px\" \/><\/a><\/p>\n<p>Con la presencia de las c\u00e1maras tabacaleras de Salta y Jujuy, las empresas y las cooperativas y representantes de ambos gobiernos, se acord\u00f3 una recomposici\u00f3n del <strong>15%<\/strong> sobre la grilla del a\u00f1o pasado.<\/p>\n<p><img decoding=\"async\" loading=\"lazy\" class=\"alignnone size-full wp-image-112450\" src=\"http:\/\/notinor.com\/jujuy\/wp-content\/uploads\/2017\/04\/precio-tabaco-2.jpg\" alt=\"precio tabaco 2\" width=\"1280\" height=\"720\" srcset=\"https:\/\/notinor.com\/jujuy\/wp-content\/uploads\/2017\/04\/precio-tabaco-2.jpg 1280w, https:\/\/notinor.com\/jujuy\/wp-content\/uploads\/2017\/04\/precio-tabaco-2-300x169.jpg 300w, https:\/\/notinor.com\/jujuy\/wp-content\/uploads\/2017\/04\/precio-tabaco-2-1024x576.jpg 1024w, https:\/\/notinor.com\/jujuy\/wp-content\/uploads\/2017\/04\/precio-tabaco-2-199x112.jpg 199w\" sizes=\"(max-width: 1280px) 100vw, 1280px\" \/><\/p>\n<p>En consecuencia, el valor de la B1F es de <strong>$43,18<\/strong><\/p>\n","protected":false},"excerpt":{"rendered":"<p>Durante la 5\u00aa reuni\u00f3n entre las partes,\u00a0 realizada esta ma\u00f1ana en el Ministerio de Ambiente y Producci\u00f3n Sustentable,\u00a0\u00a0 para fijar el precio del tabaco Virginia saltojuje\u00f1o de la presente campa\u00f1a, se arrib\u00f3 a un acuerdo un\u00e1nime, por lo que todas las puertas de acopio se regir\u00e1n con precios uniformes. Con la presencia de las c\u00e1maras [&hellip;]<\/p>\n","protected":false},"author":1,"featured_media":112451,"comment_status":"open","ping_status":"open","sticky":false,"template":"","format":"standard","meta":{"_stopmodifiedupdate":false,"_modified_date":"","inline_featured_image":false,"spay_email":"","jetpack_publicize_message":""},"categories":[2,485],"tags":[],"jetpack_featured_media_url":"https:\/\/notinor.com\/jujuy\/wp-content\/uploads\/2017\/04\/precio-tabaco.jpg","jetpack_publicize_connections":[],"_links":{"self":[{"href":"https:\/\/notinor.com\/jujuy\/wp-json\/wp\/v2\/posts\/112449"}],"collection":[{"href":"https:\/\/notinor.com\/jujuy\/wp-json\/wp\/v2\/posts"}],"about":[{"href":"https:\/\/notinor.com\/jujuy\/wp-json\/wp\/v2\/types\/post"}],"author":[{"embeddable":true,"href":"https:\/\/notinor.com\/jujuy\/wp-json\/wp\/v2\/users\/1"}],"replies":[{"embeddable":true,"href":"https:\/\/notinor.com\/jujuy\/wp-json\/wp\/v2\/comments?post=112449"}],"version-history":[{"count":1,"href":"https:\/\/notinor.com\/jujuy\/wp-json\/wp\/v2\/posts\/112449\/revisions"}],"predecessor-version":[{"id":112452,"href":"https:\/\/notinor.com\/jujuy\/wp-json\/wp\/v2\/posts\/112449\/revisions\/112452"}],"wp:featuredmedia":[{"embeddable":true,"href":"https:\/\/notinor.com\/jujuy\/wp-json\/wp\/v2\/media\/112451"}],"wp:attachment":[{"href":"https:\/\/notinor.com\/jujuy\/wp-json\/wp\/v2\/media?parent=112449"}],"wp:term":[{"taxonomy":"category","embeddable":true,"href":"https:\/\/notinor.com\/jujuy\/wp-json\/wp\/v2\/categories?post=112449"},{"taxonomy":"post_tag","embeddable":true,"href":"https:\/\/notinor.com\/jujuy\/wp-json\/wp\/v2\/tags?post=112449"}],"curies":[{"name":"wp","href":"https:\/\/api.w.org\/{rel}","templated":true}]}}