{"id":112441,"date":"2017-04-06T00:00:51","date_gmt":"2017-04-06T03:00:51","guid":{"rendered":"http:\/\/notinor.com\/jujuy\/?p=112441"},"modified":"2017-04-05T22:11:16","modified_gmt":"2017-04-06T01:11:16","slug":"ate-realizo-asambleas-en-reparticiones-para-adherir-al-paro-nacional","status":"publish","type":"post","link":"https:\/\/notinor.com\/jujuy\/ate-realizo-asambleas-en-reparticiones-para-adherir-al-paro-nacional\/","title":{"rendered":"Ate realiz\u00f3 asambleas en reparticiones para adherir al paro nacional"},"content":{"rendered":"<p><a href=\"http:\/\/notinor.com\/jujuy\/wp-content\/uploads\/2017\/04\/ATE-paro-06-abril.jpg\"><img decoding=\"async\" loading=\"lazy\" class=\"alignnone size-full wp-image-112442\" src=\"http:\/\/notinor.com\/jujuy\/wp-content\/uploads\/2017\/04\/ATE-paro-06-abril.jpg\" alt=\"ATE paro 06 abril\" width=\"640\" height=\"360\" srcset=\"https:\/\/notinor.com\/jujuy\/wp-content\/uploads\/2017\/04\/ATE-paro-06-abril.jpg 640w, https:\/\/notinor.com\/jujuy\/wp-content\/uploads\/2017\/04\/ATE-paro-06-abril-300x169.jpg 300w, https:\/\/notinor.com\/jujuy\/wp-content\/uploads\/2017\/04\/ATE-paro-06-abril-199x112.jpg 199w\" sizes=\"(max-width: 640px) 100vw, 640px\" \/><\/a>A<\/p>\n<p>Dirigentes de ATE Jujuy recorren las distintas reparticiones y escuelas, realizando asambleas con los empleados para el paro general nacional \u00a0que se llevar\u00e1 a cabo en el d\u00eda de hoy.<\/p>\n<p>Los dirigentes de ATE afirmaron que \"hoy se realizar\u00e1 un paro general en todo el pa\u00eds en contra de las pol\u00edticas de ajuste y empobrecimiento de Cambiemos. En Jujuy los estatales reclamamos aumento salarial del 35%; actualizaci\u00f3n en los montos de las asignaciones familiares; que el incremento para el salario m\u00ednimo se lo debe aplicar a los $8.060; que se blanqueen todos los conceptos que est\u00e1n en gris y negro; que se realice la recategorizaci\u00f3n del personal; y por \u00faltimo que se avance con la desprecarizaci\u00f3n laboral y se mantengan las fuentes de trabajo en todos los \u00e1mbitos del Estado\".<br \/>\nFinalizaron su comunicado se\u00f1alando que \"Este 6 de Abril desde la clase trabajadora le exigiremos al Gobierno que resuelva las problem\u00e1ticas del pueblo, porque mientras haya necesidades la lucha ser\u00e1 constante\".<\/p>\n","protected":false},"excerpt":{"rendered":"<p>A Dirigentes de ATE Jujuy recorren las distintas reparticiones y escuelas, realizando asambleas con los empleados para el paro general nacional \u00a0que se llevar\u00e1 a cabo en el d\u00eda de hoy. Los dirigentes de ATE afirmaron que \"hoy se realizar\u00e1 un paro general en todo el pa\u00eds en contra de las pol\u00edticas de ajuste y [&hellip;]<\/p>\n","protected":false},"author":1,"featured_media":112442,"comment_status":"open","ping_status":"open","sticky":false,"template":"","format":"standard","meta":{"_stopmodifiedupdate":false,"_modified_date":"","inline_featured_image":false,"spay_email":"","jetpack_publicize_message":""},"categories":[485],"tags":[],"jetpack_featured_media_url":"https:\/\/notinor.com\/jujuy\/wp-content\/uploads\/2017\/04\/ATE-paro-06-abril.jpg","jetpack_publicize_connections":[],"_links":{"self":[{"href":"https:\/\/notinor.com\/jujuy\/wp-json\/wp\/v2\/posts\/112441"}],"collection":[{"href":"https:\/\/notinor.com\/jujuy\/wp-json\/wp\/v2\/posts"}],"about":[{"href":"https:\/\/notinor.com\/jujuy\/wp-json\/wp\/v2\/types\/post"}],"author":[{"embeddable":true,"href":"https:\/\/notinor.com\/jujuy\/wp-json\/wp\/v2\/users\/1"}],"replies":[{"embeddable":true,"href":"https:\/\/notinor.com\/jujuy\/wp-json\/wp\/v2\/comments?post=112441"}],"version-history":[{"count":1,"href":"https:\/\/notinor.com\/jujuy\/wp-json\/wp\/v2\/posts\/112441\/revisions"}],"predecessor-version":[{"id":112443,"href":"https:\/\/notinor.com\/jujuy\/wp-json\/wp\/v2\/posts\/112441\/revisions\/112443"}],"wp:featuredmedia":[{"embeddable":true,"href":"https:\/\/notinor.com\/jujuy\/wp-json\/wp\/v2\/media\/112442"}],"wp:attachment":[{"href":"https:\/\/notinor.com\/jujuy\/wp-json\/wp\/v2\/media?parent=112441"}],"wp:term":[{"taxonomy":"category","embeddable":true,"href":"https:\/\/notinor.com\/jujuy\/wp-json\/wp\/v2\/categories?post=112441"},{"taxonomy":"post_tag","embeddable":true,"href":"https:\/\/notinor.com\/jujuy\/wp-json\/wp\/v2\/tags?post=112441"}],"curies":[{"name":"wp","href":"https:\/\/api.w.org\/{rel}","templated":true}]}}