{"id":112436,"date":"2017-04-06T00:02:48","date_gmt":"2017-04-06T03:02:48","guid":{"rendered":"http:\/\/notinor.com\/jujuy\/?p=112436"},"modified":"2017-04-06T01:03:05","modified_gmt":"2017-04-06T04:03:05","slug":"macri-confirmo-que-se-entrevistara-con-trump-el-27-de-abril","status":"publish","type":"post","link":"https:\/\/notinor.com\/jujuy\/macri-confirmo-que-se-entrevistara-con-trump-el-27-de-abril\/","title":{"rendered":"Macri confirm\u00f3 que se entrevistar\u00e1 con Trump el 27 de abril"},"content":{"rendered":"<p><a href=\"http:\/\/notinor.com\/jujuy\/wp-content\/uploads\/2017\/04\/macri-en-holanda.jpg\"><img decoding=\"async\" loading=\"lazy\" class=\"alignnone size-full wp-image-112439\" src=\"http:\/\/notinor.com\/jujuy\/wp-content\/uploads\/2017\/04\/macri-en-holanda.jpg\" alt=\"macri en holanda\" width=\"645\" height=\"362\" srcset=\"https:\/\/notinor.com\/jujuy\/wp-content\/uploads\/2017\/04\/macri-en-holanda.jpg 645w, https:\/\/notinor.com\/jujuy\/wp-content\/uploads\/2017\/04\/macri-en-holanda-300x168.jpg 300w, https:\/\/notinor.com\/jujuy\/wp-content\/uploads\/2017\/04\/macri-en-holanda-199x112.jpg 199w, https:\/\/notinor.com\/jujuy\/wp-content\/uploads\/2017\/04\/macri-en-holanda-616x345.jpg 616w\" sizes=\"(max-width: 645px) 100vw, 645px\" \/><\/a><a href=\"http:\/\/notinor.com\/jujuy\/wp-content\/uploads\/2017\/04\/macri-en-holanda.jpg\"><img decoding=\"async\" loading=\"lazy\" class=\"alignnone size-full wp-image-112439\" src=\"http:\/\/notinor.com\/jujuy\/wp-content\/uploads\/2017\/04\/macri-en-holanda.jpg\" alt=\"macri en holanda\" width=\"645\" height=\"362\" srcset=\"https:\/\/notinor.com\/jujuy\/wp-content\/uploads\/2017\/04\/macri-en-holanda.jpg 645w, https:\/\/notinor.com\/jujuy\/wp-content\/uploads\/2017\/04\/macri-en-holanda-300x168.jpg 300w, https:\/\/notinor.com\/jujuy\/wp-content\/uploads\/2017\/04\/macri-en-holanda-199x112.jpg 199w, https:\/\/notinor.com\/jujuy\/wp-content\/uploads\/2017\/04\/macri-en-holanda-616x345.jpg 616w\" sizes=\"(max-width: 645px) 100vw, 645px\" \/><\/a><\/p>\n<p>El presidente Mauricio Macri confirm\u00f3 que se reunir\u00e1 con su par estadounidense, Donald Trump, el 27 de abril pr\u00f3ximo, en Washington, y adelant\u00f3 que \"podemos alcanzar un beneficio mutuo en cooperaciones futuras\", entre ambos pa\u00edses.<br \/>\nDurante una entrevista con la agencia Bloomberg, en la Residencia Presidencial de Olivos, Macri se\u00f1al\u00f3: \"Hablaremos sobre la relaci\u00f3n entre ambos pa\u00edses, habl\u00e9 por tel\u00e9fono y \u00e9l sabe que hemos comenzado con la administraci\u00f3n de (Barack) Obama y continuaremos con la de \u00e9l\", en relaci\u00f3n al presidente Trump.<br \/>\nSobre la relaci\u00f3n con Estados Unidos, el Presidente consider\u00f3 que \"habr\u00e1 un beneficio muto en cooperaciones futuras\", y, consultado sobre el interrogante del proteccionismo y el libre mercado, enfatiz\u00f3: \"Creo en la globalizaci\u00f3n y que podemos alcanzar un crecimiento en las relaciones entre ambos pa\u00edses\".<br \/>\n\"Primero, pienso que podemos hablar sobre la relaci\u00f3n entre el Mercosur y Estados Unidos\", dijo Macri a la agencia especializada en noticias econ\u00f3micas, y agreg\u00f3: \"Nosotros necesitamos esta relaci\u00f3n comercial\".<br \/>\nEl jede del Estado, durante la entrevista grabada en los jardines de la quinta de Olivos, agreg\u00f3: \"Trabajaremos todos juntos en la relaci\u00f3n futura y sabemos que \u00e9l encontrar\u00e1 el modo de mejorar e incrementar las relaciones comerciales, como tambi\u00e9n para otros espacios de cooperaci\u00f3n como el narcotr\u00e1fico, el terrorismo, los tratados a favor de la paz\".<br \/>\nMacri ser\u00e1 el primer presidente argentino que ingrese en el sal\u00f3n Oval de la Casa Blanca luego de casi 14 a\u00f1os, cuando N\u00e9stor Carlos Kirchner se entrevist\u00f3, en julio de 2003, con el entonces presidente George W. Bush.<br \/>\nEn el terreno pol\u00edtico local, el presidente Macri se mostr\u00f3 \"confiado en que vamos a ganar la elecci\u00f3n, vamos a ser la primera minor\u00eda y vamos a tener un gran resultado\".<br \/>\nEmpero, agreg\u00f3 que \"si no ganamos las elecciones ser\u00e1 un fracaso\", no obstante proyectar que \"vamos a tener un 20 por ciento m\u00e1s de bancas en el Congreso\", y aclarar que \"no va a ser suficiente para tener la mayor\u00eda\" parlamentaria, por lo que \"vamos a continuar creando espacios de di\u00e1logo\" con la oposici\u00f3n.<br \/>\nEn tanto, la canciller Susana Malcorra, casi al mismo tiempo que el Presidente daba la entrevista a Bloomberg, se refiri\u00f3 a la agenda que llevar\u00e1 Macri a la reuni\u00f3n bilateral con Trump, durante la presentaci\u00f3n del Foro Econ\u00f3mico Mundial, que se realiza hasta pasado ma\u00f1ana en nuestro pa\u00eds.<br \/>\n\"Vamos a tener una agenda que incluya todos los temas bilaterales, biodi\u00e9sel, las suspensi\u00f3n de exportar limones desde la Argentina a los Estados Unidos y otros m\u00e1s abarcativos\", dijo.<br \/>\nRespecto a la renuncia de Mart\u00edn Lousteau a la embajada en Washington, Malcorra indic\u00f3: \"Va a ser manejada con la responsabilidad que corresponde; tenemos mecanismos cuando un embajador se va, ya que queda un encargado de negocios, que en este caso ya est\u00e1 funcionando en plena capacidad\".<\/p>\n","protected":false},"excerpt":{"rendered":"<p>El presidente Mauricio Macri confirm\u00f3 que se reunir\u00e1 con su par estadounidense, Donald Trump, el 27 de abril pr\u00f3ximo, en Washington, y adelant\u00f3 que \"podemos alcanzar un beneficio mutuo en cooperaciones futuras\", entre ambos pa\u00edses. Durante una entrevista con la agencia Bloomberg, en la Residencia Presidencial de Olivos, Macri se\u00f1al\u00f3: \"Hablaremos sobre la relaci\u00f3n entre [&hellip;]<\/p>\n","protected":false},"author":1,"featured_media":112439,"comment_status":"open","ping_status":"open","sticky":false,"template":"","format":"standard","meta":{"_stopmodifiedupdate":false,"_modified_date":"","inline_featured_image":false,"spay_email":"","jetpack_publicize_message":""},"categories":[5],"tags":[],"jetpack_featured_media_url":"https:\/\/notinor.com\/jujuy\/wp-content\/uploads\/2017\/04\/macri-en-holanda.jpg","jetpack_publicize_connections":[],"_links":{"self":[{"href":"https:\/\/notinor.com\/jujuy\/wp-json\/wp\/v2\/posts\/112436"}],"collection":[{"href":"https:\/\/notinor.com\/jujuy\/wp-json\/wp\/v2\/posts"}],"about":[{"href":"https:\/\/notinor.com\/jujuy\/wp-json\/wp\/v2\/types\/post"}],"author":[{"embeddable":true,"href":"https:\/\/notinor.com\/jujuy\/wp-json\/wp\/v2\/users\/1"}],"replies":[{"embeddable":true,"href":"https:\/\/notinor.com\/jujuy\/wp-json\/wp\/v2\/comments?post=112436"}],"version-history":[{"count":2,"href":"https:\/\/notinor.com\/jujuy\/wp-json\/wp\/v2\/posts\/112436\/revisions"}],"predecessor-version":[{"id":112440,"href":"https:\/\/notinor.com\/jujuy\/wp-json\/wp\/v2\/posts\/112436\/revisions\/112440"}],"wp:featuredmedia":[{"embeddable":true,"href":"https:\/\/notinor.com\/jujuy\/wp-json\/wp\/v2\/media\/112439"}],"wp:attachment":[{"href":"https:\/\/notinor.com\/jujuy\/wp-json\/wp\/v2\/media?parent=112436"}],"wp:term":[{"taxonomy":"category","embeddable":true,"href":"https:\/\/notinor.com\/jujuy\/wp-json\/wp\/v2\/categories?post=112436"},{"taxonomy":"post_tag","embeddable":true,"href":"https:\/\/notinor.com\/jujuy\/wp-json\/wp\/v2\/tags?post=112436"}],"curies":[{"name":"wp","href":"https:\/\/api.w.org\/{rel}","templated":true}]}}