{"id":112434,"date":"2017-04-06T00:03:37","date_gmt":"2017-04-06T03:03:37","guid":{"rendered":"http:\/\/notinor.com\/jujuy\/?p=112434"},"modified":"2017-04-06T01:02:31","modified_gmt":"2017-04-06T04:02:31","slug":"para-el-gobierno-el-paro-es-incomprensible","status":"publish","type":"post","link":"https:\/\/notinor.com\/jujuy\/para-el-gobierno-el-paro-es-incomprensible\/","title":{"rendered":"Para el Gobierno el paro es \"incomprensible\""},"content":{"rendered":"<p><a href=\"http:\/\/notinor.com\/jujuy\/wp-content\/uploads\/2016\/02\/frigerio-paritaria.jpg\"><img decoding=\"async\" loading=\"lazy\" class=\"alignnone size-full wp-image-61266\" src=\"http:\/\/notinor.com\/jujuy\/wp-content\/uploads\/2016\/02\/frigerio-paritaria.jpg\" alt=\"frigerio paritaria\" width=\"594\" height=\"394\" srcset=\"https:\/\/notinor.com\/jujuy\/wp-content\/uploads\/2016\/02\/frigerio-paritaria.jpg 594w, https:\/\/notinor.com\/jujuy\/wp-content\/uploads\/2016\/02\/frigerio-paritaria-300x199.jpg 300w\" sizes=\"(max-width: 594px) 100vw, 594px\" \/><\/a><\/p>\n<p>El ministro del Interior, Rogelio Frigerio, dijo este mi\u00e9rcoles que el Gobierno se seguir\u00e1 sentando a la mesa de las negociaciones con los sindicatos, pero se\u00f1al\u00f3 que \"no hay hoja de ruta para el d\u00eda despu\u00e9s del paro, porque no hay consignas claras de por qu\u00e9 se est\u00e1 parando\", al calificar la medida de fuerza por 24 horas convocada para este jueves por la CGT como una acci\u00f3n \"incomprensible\".<br \/>\n\"Los paros son siempre la \u00faltima instancia y no es este el caso. No hay consignas claras, nos vamos a sentar al d\u00eda siguiente y no va a haber una hoja de ruta porque no tienen consignas claras de por qu\u00e9 estamos parando\", insisti\u00f3 el funcionario en radio La Red.<\/p>\n<p>Agreg\u00f3 que \"siempre\" el Gobierno propicia reuniones con los representantes de los trabajadores y record\u00f3 que el presidente Mauricio Macri \"se sac\u00f3 una foto en la Casa Rosada firmando un acuerdo para lanzar 100.000 viviendas, producto de una mesa de di\u00e1logo para la construcci\u00f3n en la que trabajamos durante cinco meses, durante todas las semanas\", en referencia al acto del lunes \u00faltimo en Casa de Gobierno.<br \/>\n\"Esto demuestra que el di\u00e1logo nunca se rompi\u00f3 y hace incomprensible el paro\", concluy\u00f3 el ministro.<\/p>\n","protected":false},"excerpt":{"rendered":"<p>El ministro del Interior, Rogelio Frigerio, dijo este mi\u00e9rcoles que el Gobierno se seguir\u00e1 sentando a la mesa de las negociaciones con los sindicatos, pero se\u00f1al\u00f3 que \"no hay hoja de ruta para el d\u00eda despu\u00e9s del paro, porque no hay consignas claras de por qu\u00e9 se est\u00e1 parando\", al calificar la medida de fuerza [&hellip;]<\/p>\n","protected":false},"author":1,"featured_media":61266,"comment_status":"open","ping_status":"open","sticky":false,"template":"","format":"standard","meta":{"_stopmodifiedupdate":false,"_modified_date":"","inline_featured_image":false,"spay_email":"","jetpack_publicize_message":""},"categories":[5],"tags":[],"jetpack_featured_media_url":"https:\/\/notinor.com\/jujuy\/wp-content\/uploads\/2016\/02\/frigerio-paritaria.jpg","jetpack_publicize_connections":[],"_links":{"self":[{"href":"https:\/\/notinor.com\/jujuy\/wp-json\/wp\/v2\/posts\/112434"}],"collection":[{"href":"https:\/\/notinor.com\/jujuy\/wp-json\/wp\/v2\/posts"}],"about":[{"href":"https:\/\/notinor.com\/jujuy\/wp-json\/wp\/v2\/types\/post"}],"author":[{"embeddable":true,"href":"https:\/\/notinor.com\/jujuy\/wp-json\/wp\/v2\/users\/1"}],"replies":[{"embeddable":true,"href":"https:\/\/notinor.com\/jujuy\/wp-json\/wp\/v2\/comments?post=112434"}],"version-history":[{"count":1,"href":"https:\/\/notinor.com\/jujuy\/wp-json\/wp\/v2\/posts\/112434\/revisions"}],"predecessor-version":[{"id":112435,"href":"https:\/\/notinor.com\/jujuy\/wp-json\/wp\/v2\/posts\/112434\/revisions\/112435"}],"wp:featuredmedia":[{"embeddable":true,"href":"https:\/\/notinor.com\/jujuy\/wp-json\/wp\/v2\/media\/61266"}],"wp:attachment":[{"href":"https:\/\/notinor.com\/jujuy\/wp-json\/wp\/v2\/media?parent=112434"}],"wp:term":[{"taxonomy":"category","embeddable":true,"href":"https:\/\/notinor.com\/jujuy\/wp-json\/wp\/v2\/categories?post=112434"},{"taxonomy":"post_tag","embeddable":true,"href":"https:\/\/notinor.com\/jujuy\/wp-json\/wp\/v2\/tags?post=112434"}],"curies":[{"name":"wp","href":"https:\/\/api.w.org\/{rel}","templated":true}]}}